{"id":281390,"date":"2026-01-12T01:13:05","date_gmt":"2026-01-12T01:13:05","guid":{"rendered":"https:\/\/halkweb.com.tr\/?p=281390"},"modified":"2026-01-12T01:23:07","modified_gmt":"2026-01-12T01:23:07","slug":"politischer-diskurs-uber-die-alevitische-gemeinschaft-staatliche-verpflichtungen-und-rechtliche-grenzen","status":"publish","type":"post","link":"https:\/\/halkweb.com.tr\/de\/politischer-diskurs-uber-die-alevitische-gemeinschaft-staatliche-verpflichtungen-und-rechtliche-grenzen\/","title":{"rendered":"Politische Diskurse \u00fcber die alevitische Gemeinschaft, Pflichten des Staates und rechtliche Grenzen"},"content":{"rendered":"<p><img loading=\"lazy\" decoding=\"async\" class=\"alignnone size-full wp-image-281391\" src=\"https:\/\/halkweb.com.tr\/wp-content\/uploads\/2026\/01\/leyla.jpg\" alt=\"\" width=\"1600\" height=\"900\" srcset=\"https:\/\/halkweb.com.tr\/wp-content\/uploads\/2026\/01\/leyla.jpg 1600w, https:\/\/halkweb.com.tr\/wp-content\/uploads\/2026\/01\/leyla-18x10.jpg 18w, https:\/\/halkweb.com.tr\/wp-content\/uploads\/2026\/01\/leyla-300x169.jpg 300w, https:\/\/halkweb.com.tr\/wp-content\/uploads\/2026\/01\/leyla-696x392.jpg 696w, https:\/\/halkweb.com.tr\/wp-content\/uploads\/2026\/01\/leyla-1068x601.jpg 1068w\" sizes=\"auto, (max-width: 1600px) 100vw, 1600px\" \/>In der kizilbaschisch-lawitischen Glaubenstradition ist die Frau nicht nur ein biologisches Subjekt, sondern eine Gr\u00fcnderfigur, die die Kontinuit\u00e4t der Sch\u00f6pfung gew\u00e4hrleistet, Tr\u00e4gerin des sozialen Ged\u00e4chtnisses ist und im Zentrum der kulturellen \u00dcberlieferung steht. Sie wird als eine Kraft angesehen, die sowohl die materielle als auch die spirituelle Dimension des Lebens begr\u00fcndet. Aus diesem Grund wird die Frau in der alevitischen Lehre mit der Metapher der \u201cG\u00f6ttin\u201d geehrt, weil sie diejenige ist, die die Gesellschaft gebiert, n\u00e4hrt und gestaltet. Diese Perspektive bietet einen ethischen Rahmen, der die weibliche Identit\u00e4t weiht.<\/p>\n<p>Genau aus diesem Grund stellen die gegen die alevitische Gemeinschaft gerichteten \u00c4u\u00dferungen von Leyla \u015eahin Usta, die f\u00fcr vier Wahlperioden als Abgeordnete von Konya und Ankara gew\u00e4hlt wurde, nicht nur eine politische Debatte dar, sondern auch ein ernsthaftes Problemfeld im Hinblick auf politische Ethik, soziale Verantwortung, Hassreden, sektiererische Diskriminierung und rechtliche Verpflichtungen. Dieser Ansatz, der die Konflikte in Syrien mit dem Diskurs des \u201calevitischen Massakers\u201d verzerrt, ist sowohl von der historischen Realit\u00e4t abgekoppelt als auch eine Sprache, die den sozialen Frieden gef\u00e4hrdet.<\/p>\n<h3>Historischer Hintergrund und Erinnerung an sektiererische Gewalt<\/h3>\n<p>Betrachtet man die j\u00fcngste Geschichte der T\u00fcrkei, so ist die Tatsache, dass Massaker wie in Malatya, Mara\u015f, \u00c7orum, Sivas, Mad\u0131mak und Gazi unter dem Ruf \"Allahu Akbar\" ver\u00fcbt wurden, noch immer im gesellschaftlichen Ged\u00e4chtnis pr\u00e4sent. Es besteht ein breiter wissenschaftlicher Konsens dar\u00fcber, dass radikale religi\u00f6se Organisationen, islamistische Terrorkommandos und deren ideologischer Einfluss hinter diesen Ereignissen stehen. Dieser Konsens st\u00fctzt sich nicht nur auf das soziale Ged\u00e4chtnis, sondern auch auf nationale und internationale Forschungsergebnisse.<\/p>\n<p>Organisationen wie Al-Qaida, Al-Nusra, Taliban, Hamas, FSA, ISIS und HTS, die in Syrien t\u00e4tig sind, st\u00fctzen sich auf dieselbe ideologische Grundlage. Die Angriffe dieser Organisationen auf Alawiten, Kurden, Christen, Durzis und andere religi\u00f6se Gruppen wurden in Berichten der Vereinten Nationen ausf\u00fchrlich dokumentiert. Daher ist es aus akademischer, rechtlicher und ethischer Sicht problematisch, die Aktionen dieser Organisationen als \u201csektiererische Wahrheit\u201d darzustellen.<\/p>\n<h3>Rechtliche Grenzen des politischen Diskurses<\/h3>\n<p>Die Sprache, die ein Abgeordneter der regierenden AKP verwendet, ist keine gew\u00f6hnliche politische Entscheidung, sondern eine Kraft, die sich direkt auf die soziale Sicherheit auswirkt. Artikel 10 der t\u00fcrkischen Verfassung besagt eindeutig, dass alle B\u00fcrger vor dem Gesetz gleich sind. Artikel 24 garantiert die Freiheit des Glaubens. Artikel 216 stellt ausdr\u00fccklich Reden unter Strafe, die die \u00d6ffentlichkeit zu Hass und Feindseligkeit aufstacheln. In diesem Rahmen ist jeder Diskurs, der auf sektiererische Identit\u00e4ten abzielt, soziale Gruppen kriminalisiert oder eine Glaubensgemeinschaft als potenzielle Bedrohung darstellt, rechtlich fragw\u00fcrdig und gef\u00e4hrlich f\u00fcr den sozialen Frieden.<\/p>\n<p>Die Diskurse der politischen Akteure der Erdo\u011fan-G\u00fclen-Regierung k\u00f6nnen Radikalisierungsprozesse beschleunigen, das Klima des Hasses n\u00e4hren und die gesellschaftliche Polarisierung vertiefen. Daher ist es ein ernstes Problem der Verantwortung f\u00fcr eine Politikerin, insbesondere f\u00fcr eine Politikerin, die auch die Identit\u00e4t einer Mutter tr\u00e4gt, eine spaltende Sprache zu produzieren, wenn von ihr erwartet wird, dass sie zum sozialen Frieden beitr\u00e4gt.<\/p>\n<h3>Diskursklima als Quelle sozialer Gewalt<\/h3>\n<p>Die zunehmende Zahl von Femiziden, Kindesmissbrauch, Hassverbrechen und sozialer Gewalt in der heutigen T\u00fcrkei l\u00e4sst sich nicht allein durch individuelle Pathologien erkl\u00e4ren. Diese Ph\u00e4nomene stehen in direktem Zusammenhang mit der Atmosph\u00e4re, die durch das Klima des politischen Diskurses, die Botschaften der religi\u00f6sen Autorit\u00e4ten und die Sprache der Medien erzeugt wird. Die spaltende Sprache, die in Freitagspredigten, sozialen Medien, auf Fernsehbildschirmen und politischen Kanzeln verwendet wird, schw\u00e4cht das soziale Gef\u00fcge und ebnet den Weg f\u00fcr radikale Tendenzen. Der politische Diskurs ist eines der m\u00e4chtigsten Instrumente, die das gesellschaftliche Verhalten pr\u00e4gen. Daher ist jede Aussage, die auf sektiererische Identit\u00e4ten abzielt, nicht nur eine Meinung, sondern ein potenzieller sozialer Risikofaktor.<\/p>\n<h3>Ideologischer Rahmen, gleichberechtigte B\u00fcrgerschaft und demokratische \u00f6ffentliche Ordnung<\/h3>\n<p>Jeder Ansatz, der die historischen Leiden der alevitischen Gemeinschaft ignoriert, sie ins Visier nimmt oder kriminalisiert, schadet der gemeinsamen Zukunft der T\u00fcrkei. In einer demokratischen Gesellschaft ist die Institution der Politik nicht dazu da, die Gesellschaft zu spalten, sondern um sie zu vereinen, zu heilen und das gemeinsame Leben zu st\u00e4rken. Deshalb brauchen wir eine politische Sprache, die auf gleicher B\u00fcrgerschaft, Rechtsstaatlichkeit, Glaubensfreiheit, S\u00e4kularismus, Pluralismus und sozialem Frieden beruht. Jeder Diskurs, der sektiererische Spannungen sch\u00fcrt, historische Traumata ausl\u00f6st und die soziale Polarisierung vertieft, ist mit einer demokratischen \u00f6ffentlichen Ordnung unvereinbar. Seit 26 Jahren ist diese spaltende Sprache, die der Erdo\u011fan-G\u00fclen-Faschismus, die Macht der islamistisch-terroristischen Sekten, in das Land gebracht hat, und diese sektiererische Logik genau der Grund f\u00fcr eine Politik im Schatten des kulturellen Konflikts.<\/p>","protected":false},"excerpt":{"rendered":"<p>Jeder Ansatz, der die historischen Leiden der alevitischen Gemeinschaft ignoriert, sie ins Visier nimmt oder kriminalisiert, schadet der gemeinsamen Zukunft der T\u00fcrkei.<\/p>","protected":false},"author":33,"featured_media":281391,"comment_status":"closed","ping_status":"closed","sticky":false,"template":"","format":"standard","meta":{"footnotes":""},"categories":[286],"tags":[289],"class_list":{"0":"post-281390","1":"post","2":"type-post","3":"status-publish","4":"format-standard","5":"has-post-thumbnail","7":"category-yazarlar","8":"tag-manset"},"_links":{"self":[{"href":"https:\/\/halkweb.com.tr\/de\/wp-json\/wp\/v2\/posts\/281390","targetHints":{"allow":["GET"]}}],"collection":[{"href":"https:\/\/halkweb.com.tr\/de\/wp-json\/wp\/v2\/posts"}],"about":[{"href":"https:\/\/halkweb.com.tr\/de\/wp-json\/wp\/v2\/types\/post"}],"author":[{"embeddable":true,"href":"https:\/\/halkweb.com.tr\/de\/wp-json\/wp\/v2\/users\/33"}],"replies":[{"embeddable":true,"href":"https:\/\/halkweb.com.tr\/de\/wp-json\/wp\/v2\/comments?post=281390"}],"version-history":[{"count":2,"href":"https:\/\/halkweb.com.tr\/de\/wp-json\/wp\/v2\/posts\/281390\/revisions"}],"predecessor-version":[{"id":281396,"href":"https:\/\/halkweb.com.tr\/de\/wp-json\/wp\/v2\/posts\/281390\/revisions\/281396"}],"wp:featuredmedia":[{"embeddable":true,"href":"https:\/\/halkweb.com.tr\/de\/wp-json\/wp\/v2\/media\/281391"}],"wp:attachment":[{"href":"https:\/\/halkweb.com.tr\/de\/wp-json\/wp\/v2\/media?parent=281390"}],"wp:term":[{"taxonomy":"category","embeddable":true,"href":"https:\/\/halkweb.com.tr\/de\/wp-json\/wp\/v2\/categories?post=281390"},{"taxonomy":"post_tag","embeddable":true,"href":"https:\/\/halkweb.com.tr\/de\/wp-json\/wp\/v2\/tags?post=281390"}],"curies":[{"name":"wp","href":"https:\/\/api.w.org\/{rel}","templated":true}]}}