{"id":281253,"date":"2026-01-09T12:55:33","date_gmt":"2026-01-09T12:55:33","guid":{"rendered":"https:\/\/halkweb.com.tr\/?p=281253"},"modified":"2026-01-09T12:55:33","modified_gmt":"2026-01-09T12:55:33","slug":"wo-lauft-chp","status":"publish","type":"post","link":"https:\/\/halkweb.com.tr\/de\/wo-lauft-chp\/","title":{"rendered":"Wo l\u00e4uft das CHP?"},"content":{"rendered":"<p>Es ist selbstverst\u00e4ndlich, dass der CHP-Vorsitzende \u00d6zg\u00fcr \u00d6zel den Weg zur Macht f\u00fcr seine Partei nach seiner eigenen politischen Linie gestaltet, um die politische Macht der Politik zu erh\u00f6hen, indem er die Reifung der gesellschaftlichen Opposition und die Probleme im gesellschaftlichen Leben gegen die Regierung definiert. Es mag auch selbstverst\u00e4ndlich sein, die Schikanen, die Vergewaltigungen, die Drogen, die Sekten, die sich die M\u00f6glichkeiten der politischen Macht zunutze machen, und die Umwandlung der islamisch-terroristischen Organisationen im Nahen Osten in eine landesweite Macht zu kritisieren.<\/p>\n<p>Es versteht sich von selbst, dass die rassistischen und faschistischen Praktiken der vom t\u00fcrkischen Faschismus im Land geschaffenen rassistischen und faschistischen Kan\u00e4le, die die Gesellschaft st\u00f6ren, indirekt, wenn nicht sogar direkt, die Tatsache unterstreichen, dass sie Wunden in der Gesellschaft verursachen, die schwer zu heilen sind. Sich \u00fcber die Verhaltensweisen zu beschweren, die die Gesellschaft und das soziale Leben der Sekten bedrohen, die die islamisch-terroristischen Organisationen ISIS, Hamas, Taliban, HTS und die gemeinsame Koalition des politischen Islams im B\u00fcndnis mit dem t\u00fcrkisch-t\u00fcrkischen Faschismus unterst\u00fctzen, kann ein politischer Ausweg sein.<\/p>\n<p>Was wird er \u00fcber das Ko\u00e7giri-Massaker mit Topal Osman, von dem er sagt \u201cIch bin der Enkel von E. \u0130mamo\u011flu\u201d, und vielen anderen Banditengruppen kurz nach der Verfassung von 1921 sagen? \u00d6zg\u00fcr \u00d6zel, der sagt \u201cwir erkennen diese Probleme an\u201d, wenn Aleviten und Kurden sagen \u201cwir haben Probleme\u201d, was wird er \u00fcber den deutschen Mandatsbeschluss auf dem Wirtschaftskongress in Izmir vor der Verfassung von 1924 und den \u00d6stlichen Reformplan sagen, der die Verleugnung des kurdischen Volkes war? Wird er f\u00fcr seine Partei einen Diskurs \u00fcber das Dersim-Massaker und die j\u00fcngsten Massaker in Malatya, Mara\u015f, Sivas, \u00c7orum, Mad\u0131mak, Gazi, Gezi und das Leugnungs- und Vernichtungsprojekt zum V\u00f6lkermord an den K\u0131z\u0131lba\u015f-Aleviten f\u00fchren?<\/p>\n<p>Ist es richtig, \u00fcber die kurdenfeindliche Rhetorik von Cemal Enginyurt, \u00dcmit Dikbay\u0131r, Hac\u0131-Clown Tanju \u00d6zcan, der stellvertretend f\u00fcr viele Faschisten und Sch\u00e4dlingsbek\u00e4mpfer in seine Partei \u00fcbergetreten ist, zu schweigen, die wie eine Kloake mit ihrem Unrat heraussprudelt? Waren nicht die jungen M\u00e4dchen von Dersim, die in Ko\u00e7giri und Dersim schwangeren Frauen die Babys in die B\u00e4uche steckten und auf die Bajonette spitzten, die ihre Frauen und M\u00e4dchen vergewaltigten und ihnen befahlen, ihre Haut zu wechseln, die H\u00e4nde hielten und sich der Gnade der Munzurun auslieferten, damit die Hand des Feindes uns nicht ber\u00fchrt, und die in Mara\u015f Babys in kochende Wasserkessel warfen und sie kochten und ermordeten, die Ideologien, die diese Faschisten gestern verteidigten? Wie schnell wurde dieser faschistische Mob zu Demokraten. Aber es ist leicht, andere als \u201cBabym\u00f6rder\u201d zu beschimpfen. Es reicht jedoch nicht aus, die Gegenwart zu kritisieren, ohne zu sehen, dass die Wurzeln der heutigen mangelhaften Praktiken in den Ph\u00e4nomenen liegen, die mit der Gr\u00fcndung der Republik hinzukamen und sich bis in die heutige Zeit fortsetzen.<\/p>\n<p>Und wie aufrichtig ist \u00d6zg\u00fcr \u00d6zels Aussage \u201cWir haben ein kurdisches Problem, wir k\u00fcmmern uns um dieses Problem\u201d, wenn es in vielen lokalen Verwaltungen und innerhalb seiner Partei Feindseligkeiten gegen\u00fcber den Kr\u00e4ften der Demokratie und dem kurdischen Volk gibt? Der CHP-Vorsitzende \u00d6zg\u00fcr \u00d6zel sollte zun\u00e4chst seine Reden, die er als politisches Engagement bestimmt hat, an die Politik seiner Partei anpassen. Dann sollte er seine Rhetorik in den lokalen Organisationen verst\u00e4rken, den volksfeindlichen Unsinn in den lokalen Verwaltungen zum Schweigen bringen, den Stil der F\u00fchrung seiner Partei einfangen und sich mit den Problemen des Landes auseinandersetzen. Ist es m\u00f6glich, nur sch\u00f6ne Worte zu sagen, die gut klingen, und den Tag zu \u00fcberstehen? Denn die Unterst\u00fctzung der unterdr\u00fcckten, gerechten und unterdr\u00fcckten V\u00f6lker, deren Stimmen sie erh\u00e4lt, zu vergeuden, indem sie mit den t\u00fcrkisch-faschistischen Parteien und Pers\u00f6nlichkeiten feilscht, ist unvereinbar mit der Ernsthaftigkeit, mit der die Probleme in diesem Land auf der politischen B\u00fchne verteidigt werden.<\/p>\n<p>Abgesehen davon, dass \u00d6zg\u00fcr \u00d6zel von Zeit zu Zeit die Pal\u00e4stinafrage und soziale Fragen politisiert, ist \u00d6zg\u00fcr \u00d6zel, der das Verhalten seiner Basis nicht kontrollieren kann, was sich deutlich in den Provinz- und Bezirksverwaltungen zeigt, die den Kr\u00e4ften der Demokratie, den K\u0131z\u0131lba\u015f-Aleviten und dem kurdischen Volk feindlich gesinnt sind, sowie den lokalen Verwaltern und den faschistischen Abgeordneten innerhalb dieser Verwaltungen, nicht aufrichtig in seiner Aussage, dass Deniz Gezmi\u015f, der auf dem Sterbebett \u201cEs lebe die Br\u00fcderlichkeit des kurdischen und des t\u00fcrkischen Volkes\u201d rief, unser ist. H\u00e4tten die CHP-Abgeordneten nicht f\u00fcr die Hinrichtung von Deniz und seinen Kameraden gestimmt, w\u00e4re dieses Todesurteil nicht vom Parlament verabschiedet worden. Und war nicht der vielgepriesene Karao\u011flan w\u00e4hrend der Massaker von Malatya, Mara\u015f, Sivas und \u00c7orum an der Macht? Was hat er getan? Aber es gelang ihm, die Ermordung von 28 revolution\u00e4ren Sozialisten in den Kerkern w\u00e4hrend der Operation \u201cR\u00fcckkehr zum Leben\u201d zu unterzeichnen, nicht wahr? Es war dieselbe Person, die gegen Sozialisten, die bei Kundgebungen Parolen riefen, sagte: \"Das sind gelbe Linke\". Deniz Gezmi\u015f' Name geh\u00f6rt zu den widerst\u00e4ndigen Revolution\u00e4ren Sozialisten; lassen wir die Reformisten innerhalb des Ordens ihre eigene Arbeit machen.<\/p>\n<p>Obwohl es sich um das Werk der 71. und 80. Juntas handelt, ist der D. Baykal-Prozess der CHP ein v\u00f6llig anderer Prozess. D. Baykal war der Architekt einer Epoche, die es dem Erdo\u011fan-G\u00fclen-Faschismus erm\u00f6glichte, nach der Ana-Yol-, Ana-Links-Herrschaft im Lande wirksam zu werden und den Fortbestand der gesamten Macht bis heute mit der dreizehnj\u00e4hrigen Herrschaft von K. K\u0131l\u0131\u00e7daro\u011flu zu sichern. Dieser Prozess ist ein Prozess, der auf das Bed\u00fcrfnis des Staates nach einer Macht im Nahen Osten mit der Niederlage der AKP bei den Wahlen 2015 und vierzig Tagen Sondierungsgespr\u00e4chen mit Davuto\u011flu, gefolgt von der Politik des Sechser-Tisches, reagierte. Das ist das nat\u00fcrliche Ergebnis, wenn Politik von Leuten wie H. Ufuk \u00c7ak\u0131r gemacht wird, der vom Erdo\u011fan-G\u00fclen-Faschismus gekauft wurde, indem er mit dem neuesten Jonglierakt, dem Herdentrieb, jonglierte. Denn im Nahen Osten und in den L\u00e4ndern der Dritten Welt sind Wahlurnen und Wahlen nicht entscheidend. Die einzige Institution, die entscheidend ist, ist die YSK. Mit anderen Worten: Sie bestimmt die Form der Macht, die der Staat auf diese Weise braucht. Hat Herr \u00d6zg\u00fcr also diesen Weg \u00fcberwinden k\u00f6nnen, und wenn ja, mit welchen Methoden wird er an die Macht kommen?<\/p>","protected":false},"excerpt":{"rendered":"<p>Der CHP-Vorsitzende \u00d6zg\u00fcr \u00d6zel sollte zun\u00e4chst seine Reden, die er als politisches Engagement bezeichnet, an die Politik seiner Partei anpassen.<\/p>","protected":false},"author":33,"featured_media":281254,"comment_status":"closed","ping_status":"closed","sticky":false,"template":"","format":"standard","meta":{"footnotes":""},"categories":[286],"tags":[],"class_list":{"0":"post-281253","1":"post","2":"type-post","3":"status-publish","4":"format-standard","5":"has-post-thumbnail","7":"category-yazarlar"},"_links":{"self":[{"href":"https:\/\/halkweb.com.tr\/de\/wp-json\/wp\/v2\/posts\/281253","targetHints":{"allow":["GET"]}}],"collection":[{"href":"https:\/\/halkweb.com.tr\/de\/wp-json\/wp\/v2\/posts"}],"about":[{"href":"https:\/\/halkweb.com.tr\/de\/wp-json\/wp\/v2\/types\/post"}],"author":[{"embeddable":true,"href":"https:\/\/halkweb.com.tr\/de\/wp-json\/wp\/v2\/users\/33"}],"replies":[{"embeddable":true,"href":"https:\/\/halkweb.com.tr\/de\/wp-json\/wp\/v2\/comments?post=281253"}],"version-history":[{"count":1,"href":"https:\/\/halkweb.com.tr\/de\/wp-json\/wp\/v2\/posts\/281253\/revisions"}],"predecessor-version":[{"id":281255,"href":"https:\/\/halkweb.com.tr\/de\/wp-json\/wp\/v2\/posts\/281253\/revisions\/281255"}],"wp:featuredmedia":[{"embeddable":true,"href":"https:\/\/halkweb.com.tr\/de\/wp-json\/wp\/v2\/media\/281254"}],"wp:attachment":[{"href":"https:\/\/halkweb.com.tr\/de\/wp-json\/wp\/v2\/media?parent=281253"}],"wp:term":[{"taxonomy":"category","embeddable":true,"href":"https:\/\/halkweb.com.tr\/de\/wp-json\/wp\/v2\/categories?post=281253"},{"taxonomy":"post_tag","embeddable":true,"href":"https:\/\/halkweb.com.tr\/de\/wp-json\/wp\/v2\/tags?post=281253"}],"curies":[{"name":"wp","href":"https:\/\/api.w.org\/{rel}","templated":true}]}}