{"id":281062,"date":"2026-01-05T20:26:22","date_gmt":"2026-01-05T20:26:22","guid":{"rendered":"https:\/\/halkweb.com.tr\/?p=281062"},"modified":"2026-01-05T20:26:36","modified_gmt":"2026-01-05T20:26:36","slug":"vorwurfe-des-whistleblowing-und-der-unterschlagung-von-dokumenten-bei-trt-an-die-ddk-herangetragen","status":"publish","type":"post","link":"https:\/\/halkweb.com.tr\/de\/vorwurfe-des-whistleblowing-und-der-unterschlagung-von-dokumenten-bei-trt-an-die-ddk-herangetragen\/","title":{"rendered":"Vorwurf der \u2018Etikettierung und Dokumentenverschleierung\u2019 bei TRT an die DDK herangetragen"},"content":{"rendered":"<p>C\u00fcneyt Alphan, Ankara-Vertreter des Verbandes der Presse- und Medienarbeiter (BAMEC) und Autor unserer Zeitung, reichte einen offiziellen Antrag beim staatlichen Aufsichtsgremium des Pr\u00e4sidenten (DDK) ein, in dem er behauptete, dass er bei TRT einem Profiling unterzogen wurde, dass sein Arbeitsverh\u00e4ltnis verweigert wurde und dass Dokumente vor der Justiz und den Aufsichtsbeh\u00f6rden versteckt wurden.<\/p>\n<p>In dem \u00fcber CIMER eingereichten Antrag wurde hervorgehoben, dass es sich bei dem Prozess nicht nur um eine institutionelle Auseinandersetzung handelt, sondern auch um eine systematische Kette von Viktimisierungen, die sich seit dem Prozess vom 28. Februar \u00fcber 25 Jahre hinzieht.<\/p>\n<h3>\u201cEs gibt Arbeit, es gibt Lohnabrechnungen, es gibt Verweigerung\u201d.\u201d<\/h3>\n<p>Alphan erkl\u00e4rte, dass er etwa 1,5 Jahre lang bei TRT K\u00fcrdi als versicherter Arbeitnehmer gearbeitet habe und dass Lohnlisten und offizielle Aufzeichnungen vorl\u00e4gen. Alphan erkl\u00e4rte, dass TRT vor den Gerichten und Verwaltungspr\u00fcfungsbeh\u00f6rden sogar dieses Arbeitsverh\u00e4ltnis leugnete, und merkte an, dass dies ernste rechtliche und verwaltungstechnische Probleme f\u00fcr eine Institution aufwirft, die \u00f6ffentliche Macht nutzt.<\/p>\n<h3>Kein Termin nach TRT World-Interview vereinbart<\/h3>\n<p>In der Erkl\u00e4rung hei\u00dft es, dass Alphan nicht zu TRT World berufen wurde, obwohl er bei dem Vorstellungsgespr\u00e4ch zu den 15 besten von etwa 2 500 Bewerbern geh\u00f6rte. Es wurde erkl\u00e4rt, dass die Nichternennung nicht auf objektiven und leistungsbezogenen Kriterien beruhte, sondern auf einem Bericht, der angeblich gegen ihn erstellt wurde. Der betreffende Bericht enthalte abstrakte, beweisfreie und anklagende Aussagen, er sei \u201ckurdisch\u201d und habe \u201cunangemessene Tweets \u00fcber die Parallelstruktur\u201d gemacht, und Alphan sei dar\u00fcber informiert worden, dass dieser Bericht an h\u00f6here Stellen weitergeleitet worden sei.<\/p>\n<h3>Vorwurf der administrativen Verantwortung<\/h3>\n<p>Es wurde argumentiert, dass der Kennzeichnungsprozess von Mustafa Ekici, dem damaligen TRT-K\u00fcrdi-Koordinator, eingeleitet und unter dem derzeitigen TRT-Generaldirektor Zahid Sobac\u0131 fortgesetzt wurde, indem er das Ernennungs- und Einstellungsverfahren tats\u00e4chlich verhinderte. Alphan forderte die DDK auf, unabh\u00e4ngig zu untersuchen, ob die genannten Beamten im Rahmen ihrer Aufgaben und Befugnisse administrative Verantwortung tragen.<\/p>\n<h3>Gerichte haben Dokumente angefordert, TRT hat sie nicht vorgelegt<\/h3>\n<p>Unter Hinweis darauf, dass die Gerichte und das B\u00fcro des Ombudsmanns w\u00e4hrend des Gerichtsverfahrens ausdr\u00fccklich Dokumente von TRT angefordert haben, erkl\u00e4rte Alphan, dass TRT trotzdem keine Dokumente vorgelegt hat und die Klagen abgewiesen wurden.<\/p>\n<p>Es wurde festgestellt, dass diese Situation ernste Fragen im Hinblick auf das Recht auf ein faires Verfahren und die Grunds\u00e4tze einer wirksamen \u00dcberwachung aufwirft.<\/p>\n<h3>Das Thema wurde dem Parlament und internationalen Organisationen vorgetragen<\/h3>\n<p>Es wurde erkl\u00e4rt, dass das Dossier vom Abgeordneten der DEM-Partei, \u00d6mer Faruk Gergerlio\u011flu, auf die Tagesordnung der Gro\u00dfen Nationalversammlung der T\u00fcrkei gesetzt wurde, aber die Versuche blieben unbeantwortet. Der Vorgang wurde auch auf internationaler Ebene mit der schriftlichen Antwort des Pr\u00e4sidenten des Europ\u00e4ischen Parlaments, der offiziellen Antwort des Generalsekretariats des Europarats und einem vom Europ\u00e4ischen Gerichtshof f\u00fcr Menschenrechte angenommenen Antrag dokumentiert.<\/p>\n<p>Es wurde auch festgestellt, dass die Akte wiederholt mit konkreten Dokumenten in der nationalen Presse und in Fernsehsendungen ver\u00f6ffentlicht wurde.<\/p>\n<h3>\u201cEin 25-j\u00e4hriger Kampf f\u00fcr Rechte\u201d<\/h3>\n<p>Alphan betonte, dass es sich bei dem Vorfall nicht nur um eine Anstellung oder eine Ernennung handelte, sondern um einen mehr als 25 Jahre andauernden Prozess der Viktimisierung, der in direktem Zusammenhang mit dem Recht auf Arbeit, der Meinungsfreiheit und den sozialen und wirtschaftlichen Rechten steht. Er erkl\u00e4rte, dass dieser Prozess nicht nur ihn selbst, sondern auch seine Familie und sein Kind direkt betraf.<\/p>\n<h3>Aufruf an DDK<\/h3>\n<p>Es wurde festgestellt, dass der Zweck des Antrags an die staatliche Aufsichtsbeh\u00f6rde darin bestand, von Amts wegen eine unabh\u00e4ngige und umfassende Pr\u00fcfung der angeblichen Pfropfenpraktiken bei TRT, der Nichtvorlage von Dokumenten bei den Justiz- und Aufsichtsbeh\u00f6rden und der administrativen Verf\u00fcgungen in den Ernennungs-Besch\u00e4ftigungsverfahren im Rahmen von Artikel 108 der Verfassung durchzuf\u00fchren.<\/p>","protected":false},"excerpt":{"rendered":"<p>Der Halkweb-Autor und Journalist C\u00fcneyt Alphan wandte sich an die DDK, um die angeblichen Verstopfungen, die Unterschlagung von Dokumenten und die Verletzung von Arbeitsrechten bei TRT zu untersuchen.<\/p>","protected":false},"author":3,"featured_media":281063,"comment_status":"closed","ping_status":"closed","sticky":false,"template":"","format":"standard","meta":{"footnotes":""},"categories":[2],"tags":[289],"class_list":{"0":"post-281062","1":"post","2":"type-post","3":"status-publish","4":"format-standard","5":"has-post-thumbnail","7":"category-gundem","8":"tag-manset"},"_links":{"self":[{"href":"https:\/\/halkweb.com.tr\/de\/wp-json\/wp\/v2\/posts\/281062","targetHints":{"allow":["GET"]}}],"collection":[{"href":"https:\/\/halkweb.com.tr\/de\/wp-json\/wp\/v2\/posts"}],"about":[{"href":"https:\/\/halkweb.com.tr\/de\/wp-json\/wp\/v2\/types\/post"}],"author":[{"embeddable":true,"href":"https:\/\/halkweb.com.tr\/de\/wp-json\/wp\/v2\/users\/3"}],"replies":[{"embeddable":true,"href":"https:\/\/halkweb.com.tr\/de\/wp-json\/wp\/v2\/comments?post=281062"}],"version-history":[{"count":1,"href":"https:\/\/halkweb.com.tr\/de\/wp-json\/wp\/v2\/posts\/281062\/revisions"}],"predecessor-version":[{"id":281064,"href":"https:\/\/halkweb.com.tr\/de\/wp-json\/wp\/v2\/posts\/281062\/revisions\/281064"}],"wp:featuredmedia":[{"embeddable":true,"href":"https:\/\/halkweb.com.tr\/de\/wp-json\/wp\/v2\/media\/281063"}],"wp:attachment":[{"href":"https:\/\/halkweb.com.tr\/de\/wp-json\/wp\/v2\/media?parent=281062"}],"wp:term":[{"taxonomy":"category","embeddable":true,"href":"https:\/\/halkweb.com.tr\/de\/wp-json\/wp\/v2\/categories?post=281062"},{"taxonomy":"post_tag","embeddable":true,"href":"https:\/\/halkweb.com.tr\/de\/wp-json\/wp\/v2\/tags?post=281062"}],"curies":[{"name":"wp","href":"https:\/\/api.w.org\/{rel}","templated":true}]}}