{"id":281053,"date":"2026-01-05T16:11:40","date_gmt":"2026-01-05T16:11:40","guid":{"rendered":"https:\/\/halkweb.com.tr\/?p=281053"},"modified":"2026-01-05T16:11:40","modified_gmt":"2026-01-05T16:11:40","slug":"cat-autism-association-prasident-serap-dikmen-sonderpadagogik-sollte-nicht-als-ausgabenposten-betrachtet-werden","status":"publish","type":"post","link":"https:\/\/halkweb.com.tr\/de\/cat-autism-association-prasident-serap-dikmen-sonderpadagogik-sollte-nicht-als-ausgabenposten-betrachtet-werden\/","title":{"rendered":"Serap Dikmen, Pr\u00e4sidentin der Cat Autism Association: Sonderp\u00e4dagogik sollte nicht als Kostenfaktor betrachtet werden"},"content":{"rendered":"<p><strong>Dilek Bozkurt\/ Halkweb<br \/>\n<\/strong>1 Ocak 2026 tarihi itibar\u0131yla\u00a0 MEBB\u0130S sistemindeki radikal bir de\u011fi\u015fiklikle \u015fok ya\u015fayan aileler uygulamaya tepki g\u00f6stermeye ba\u015flad\u0131.\u00a0 \u00a0Milli E\u011fitim Bakanl\u0131\u011f\u0131\u2019n\u0131n dijital altyap\u0131s\u0131nda hayata ge\u00e7irilen teknik bir g\u00fcncelleme, sistem ekranlar\u0131nda beliren \u201cSadece 0-26 ya\u015f aral\u0131\u011f\u0131na e\u011fitim verilebilir\u201d ibaresi, 27 ya\u015f\u0131ndan g\u00fcn alm\u0131\u015f binlerce \u00f6zel gereksinimli bireyin e\u011fitim s\u00fcrecini tek bir tu\u015fla sonland\u0131rd\u0131. Otizm camias\u0131ndan sesler y\u00fckselirken , KED\u0130 (Kabul, E\u015fitlik, Dahil olma, \u0130stihdam) Otizm Derne\u011fi bas\u0131n a\u00e7\u0131klamas\u0131 yay\u0131mlad\u0131.<\/p>\n<p>Yap\u0131lan a\u00e7\u0131klamada; \u201d 1 Ocak 2026 tarihi itibar\u0131yla Milli E\u011fitim Bakanl\u0131\u011f\u0131\u2019n\u0131n MEBB\u0130S sisteminde yap\u0131lan teknik bir d\u00fczenleme, T\u00fcrkiye\u2019deki binlerce otizmli yeti\u015fkin ve ailesini derinden etkileyen bir krize yol a\u00e7t\u0131. Sistemde beliren \u201cSadece 0-26 ya\u015f aral\u0131\u011f\u0131na e\u011fitim verilebilir\u201d uyar\u0131s\u0131, 27 ya\u015f ve \u00fczerindeki \u00f6zel gereksinimli bireylerin e\u011fitim hakk\u0131n\u0131 fiilen ortadan kald\u0131rd\u0131\u201d vurgusu yap\u0131ld\u0131.<\/p>\n<h3>&#8220;\u00d6zel E\u011fitim Bir Gider Kalemi De\u011fildir&#8221;<\/h3>\n<p>Gazeteci Dilek Bozkurt\u2018a konu\u015fan Kedi Otizm Derne\u011fi Y\u00f6netim Kurulu Ba\u015fkan\u0131 Serap Dikmen ; \u201d Ya\u015f s\u0131n\u0131r\u0131 uygulamas\u0131 derhal kald\u0131r\u0131lmal\u0131d\u0131r. Y\u0131llard\u0131r her ortamda, her f\u0131rsatta dile getiriyoruz, dinliyorlar, hak veriyorlar ama hem uygulam\u0131yor, hem de tam aksi kararlara imza at\u0131yorlar. \u00d6zel gereksinimli bireylere bireysel ihtiya\u00e7lar\u0131na g\u00f6re ya\u015fam boyu e\u011fitim olanaklar\u0131n\u0131 sa\u011flanmal\u0131. Alanda \u00e7al\u0131\u015fan STK\u2019lar ile etkin g\u00f6r\u00fc\u015fmeler yaparak kal\u0131c\u0131 \u00e7\u00f6z\u00fcmler \u00fcretilmeli. \u00d6zel e\u011fitim bir gider kalemi olarak g\u00f6r\u00fclmemeli. Aileler i\u00e7in de psikolojik destek alabilecekleri yap\u0131lar kurulmal\u0131. \u00d6zellikle, otizm gibi n\u00f6rogeli\u015fimsel farkl\u0131l\u0131klar, \u00e7ocuklukla s\u0131n\u0131rl\u0131 olmay\u0131p ya\u015fam boyu s\u00fcr\u00fcyor, dolay\u0131s\u0131yla destek ihtiyac\u0131 da ya\u015fam boyu devam ediyor. Bu konu sadece bir b\u00fct\u00e7e meselesi de\u011fil, temel insan haklar\u0131 ve toplumsal sorumluluk meselesidir. \u00d6zel e\u011fitim, ertelenebilecek veya tasarruf edilebilecek bir alan de\u011fildir\u201d ifadelerini kulland\u0131.<\/p>\n<p>Kedi Otizm Derne\u011fi, konuyla ilgili olarak kamuoyuna da bir a\u00e7\u0131klama yapt\u0131.<\/p>\n<figure id=\"attachment_281054\" aria-describedby=\"caption-attachment-281054\" style=\"width: 1440px\" class=\"wp-caption alignnone\"><img loading=\"lazy\" decoding=\"async\" class=\"size-full wp-image-281054\" src=\"https:\/\/halkweb.com.tr\/wp-content\/uploads\/2026\/01\/kedi.jpeg\" alt=\"\" width=\"1440\" height=\"1814\" srcset=\"https:\/\/halkweb.com.tr\/wp-content\/uploads\/2026\/01\/kedi.jpeg 1440w, https:\/\/halkweb.com.tr\/wp-content\/uploads\/2026\/01\/kedi-300x378.jpeg 300w, https:\/\/halkweb.com.tr\/wp-content\/uploads\/2026\/01\/kedi-696x877.jpeg 696w, https:\/\/halkweb.com.tr\/wp-content\/uploads\/2026\/01\/kedi-1068x1345.jpeg 1068w\" sizes=\"auto, (max-width: 1440px) 100vw, 1440px\" \/><figcaption id=\"caption-attachment-281054\" class=\"wp-caption-text\">KED\u0130 Otizm Derne\u011fi taraf\u0131ndan kamuoyuna yap\u0131lan a\u00e7\u0131klama<\/figcaption><\/figure>\n<p>&#8220;27 ya\u015f s\u0131n\u0131r\u0131 otizmli yeti\u015fkinleri e\u011fitimsiz b\u0131rakt\u0131&#8221; denilen a\u00e7\u0131klaman\u0131n tamam\u0131 \u015f\u00f6yle<\/p>\n<p>1 Ocak 2026 tarihi itibar\u0131yla Milli E\u011fitim Bakanl\u0131\u011f\u0131\u2019n\u0131n MEBB\u0130S sisteminde yap\u0131lan teknik bir d\u00fczenleme, T\u00fcrkiye\u2019deki binlerce otizmli yeti\u015fkin ve ailesini derinden etkileyen bir krize yol a\u00e7t\u0131. Sistemde beliren \u201cSadece 0-26 ya\u015f aral\u0131\u011f\u0131na e\u011fitim verilebilir\u201d uyar\u0131s\u0131, 27 ya\u015f ve \u00fczerindeki \u00f6zel gereksinimli bireylerin e\u011fitim hakk\u0131n\u0131 fiilen ortadan kald\u0131rd\u0131.<\/p>\n<p>27 ya\u015f \u00fcst\u00fc t\u00fcm \u00f6zel gereksinimli bireyleri sistem d\u0131\u015f\u0131nda iten bu d\u00fczenleme, otizmli yeti\u015fkinlerin e\u011fitimden mahrum b\u0131rak\u0131lmas\u0131na, aileleriyle birlikte evde hapis hayat\u0131 ya\u015famas\u0131na neden olacak.<\/p>\n<p>Bir\u00e7ok otizmli birey i\u00e7in rehabilitasyon merkezleri, tek sosyalle\u015fme ve d\u0131\u015f d\u00fcnyaya a\u00e7\u0131lma f\u0131rsat\u0131d\u0131r. Bu hizmetin kesilmesi, hem bireyleri hem de onlara bak\u0131m veren aileleri toplumdan tamamen izole edecek.<\/p>\n<p>Engelli bireylerin e\u011fitim hakk\u0131 yasalarla ve uluslararas\u0131 s\u00f6zle\u015fmelerle g\u00fcvence alt\u0131na al\u0131nm\u0131\u015ft\u0131r. T\u00fcrkiye Cumhuriyeti Anayasas\u0131n\u0131n 42. Maddesi a\u00e7\u0131kt\u0131r; hi\u00e7 kimse, e\u011fitim ve \u00f6\u011frenim hakk\u0131ndan yoksun b\u0131rak\u0131lamaz.<\/p>\n<p>T\u00fcm bu ger\u00e7eklikler \u0131\u015f\u0131\u011f\u0131nda, MEBB\u0130S\u2019teki ya\u015f s\u0131n\u0131r\u0131 acilen kald\u0131r\u0131lmal\u0131d\u0131r.<\/p>\n<p>Bununla birlikte otizmli yeti\u015fkinlere y\u00f6nelik s\u00fcrd\u00fcr\u00fclebilir destek programlar\u0131 acilen olu\u015fturulmal\u0131d\u0131r.<\/p>\n<p>Otizme ya\u015fam boyu destek bir zorunluluk olmakla birlikte e\u011fitim hakk\u0131 ya\u015fla s\u0131n\u0131rland\u0131r\u0131lamaz!<\/p>","protected":false},"excerpt":{"rendered":"<p>Die Praxis des Alters von 27 Jahren und mehr, die das Recht auf Bildung f\u00fcr Personen mit besonderen Bed\u00fcrfnissen praktisch ausschlie\u00dft, ruft Reaktionen hervor. <\/p>","protected":false},"author":3,"featured_media":281055,"comment_status":"closed","ping_status":"closed","sticky":false,"template":"","format":"standard","meta":{"footnotes":""},"categories":[2],"tags":[289],"class_list":{"0":"post-281053","1":"post","2":"type-post","3":"status-publish","4":"format-standard","5":"has-post-thumbnail","7":"category-gundem","8":"tag-manset"},"_links":{"self":[{"href":"https:\/\/halkweb.com.tr\/de\/wp-json\/wp\/v2\/posts\/281053","targetHints":{"allow":["GET"]}}],"collection":[{"href":"https:\/\/halkweb.com.tr\/de\/wp-json\/wp\/v2\/posts"}],"about":[{"href":"https:\/\/halkweb.com.tr\/de\/wp-json\/wp\/v2\/types\/post"}],"author":[{"embeddable":true,"href":"https:\/\/halkweb.com.tr\/de\/wp-json\/wp\/v2\/users\/3"}],"replies":[{"embeddable":true,"href":"https:\/\/halkweb.com.tr\/de\/wp-json\/wp\/v2\/comments?post=281053"}],"version-history":[{"count":1,"href":"https:\/\/halkweb.com.tr\/de\/wp-json\/wp\/v2\/posts\/281053\/revisions"}],"predecessor-version":[{"id":281056,"href":"https:\/\/halkweb.com.tr\/de\/wp-json\/wp\/v2\/posts\/281053\/revisions\/281056"}],"wp:featuredmedia":[{"embeddable":true,"href":"https:\/\/halkweb.com.tr\/de\/wp-json\/wp\/v2\/media\/281055"}],"wp:attachment":[{"href":"https:\/\/halkweb.com.tr\/de\/wp-json\/wp\/v2\/media?parent=281053"}],"wp:term":[{"taxonomy":"category","embeddable":true,"href":"https:\/\/halkweb.com.tr\/de\/wp-json\/wp\/v2\/categories?post=281053"},{"taxonomy":"post_tag","embeddable":true,"href":"https:\/\/halkweb.com.tr\/de\/wp-json\/wp\/v2\/tags?post=281053"}],"curies":[{"name":"wp","href":"https:\/\/api.w.org\/{rel}","templated":true}]}}