{"id":279863,"date":"2025-11-10T12:22:02","date_gmt":"2025-11-10T12:22:02","guid":{"rendered":"https:\/\/halkweb.com.tr\/?p=279863"},"modified":"2025-11-10T12:22:02","modified_gmt":"2025-11-10T12:22:02","slug":"der-fall-der-absoluten-nichtigkeit-wurde-an-die-berufungsinstanz-weitergeleitet-die-gegen-die-entscheidung-berufung-einlegt-was-die-verweigerung-des-rechts-bedeutet","status":"publish","type":"post","link":"https:\/\/halkweb.com.tr\/de\/der-fall-der-absoluten-nichtigkeit-wurde-an-die-berufungsinstanz-weitergeleitet-die-gegen-die-entscheidung-berufung-einlegt-was-die-verweigerung-des-rechts-bedeutet\/","title":{"rendered":"Gegen das Urteil zur absoluten Nichtigkeit wurde Berufung eingelegt: \u201cWir haben Berufung gegen das Urteil eingelegt, das auf eine Rechtsverweigerung hinausl\u00e4uft\u201d"},"content":{"rendered":"<p><strong>HALKWEB-<\/strong>Ankara 42. Asliye Hukuk Mahkemesi, CHP\u2019nin, 4-5 Kas\u0131m 2023\u2019te yap\u0131lan 38\u2019inci Ola\u011fan Kurultay\u0131 ile 6 Nisan 2025\u2019teki 21\u2019inci Ola\u011fan\u00fcst\u00fc Kurultay\u0131\u2019n\u0131n iptali istemiyle a\u00e7\u0131lan davada &#8220;As\u0131l davan\u0131n konusuz kalmas\u0131 nedeniyle karar verilmesine yer olmad\u0131\u011f\u0131na, davac\u0131 L\u00fctfi Sava\u015f y\u00f6n\u00fcnden a\u00e7\u0131lan davan\u0131n aktif husumet yoklu\u011fu&#8221; gerek\u00e7esi ile ret etti.<\/p>\n<p>Kurultay davas\u0131ndan gerek\u00e7eli karar\u0131n bug\u00fcn a\u00e7\u0131klanmas\u0131n\u0131n ard\u0131ndan bir a\u00e7\u0131klama yapan davac\u0131 vekillerinden Avukat Onur Yusuf \u00dcregen, kararla ilgili olarak istinaf mahkemesine ba\u015fvurduklar\u0131n\u0131 a\u00e7\u0131klad\u0131.<\/p>\n<p>&nbsp;<\/p>\n<blockquote class=\"twitter-tweet\">\n<p dir=\"ltr\" lang=\"tr\">Ankara 42. Asliye Hukuk Mahkemesi taraf\u0131ndan, Cumhuriyet Halk Partisi\u2019nin 38. Ola\u011fan Se\u00e7imli Kurultay\u0131 ile ilgili a\u00e7m\u0131\u015f oldu\u011fumuz davada verilen karar\u0131n garabet niteli\u011findeki gerek\u00e7esi bug\u00fcn itibar\u0131yla mahkeme taraf\u0131ndan a\u00e7\u0131klanm\u0131\u015ft\u0131r.<\/p>\n<p>Mahkeme, gerek\u00e7eli karar\u0131nda \u00d6zg\u00fcr \u00d6zel\u2019in\u2026<\/p>\n<p>- ONUR YUSUF \u00dcREGEN (@OnurUregen) <a href=\"https:\/\/twitter.com\/OnurUregen\/status\/1987831764740391067?ref_src=twsrc%5Etfw\" target=\"_blank\" rel=\"noopener\">November 10, 2025<\/a><\/p><\/blockquote>\n<p><script async src=\"https:\/\/platform.twitter.com\/widgets.js\" charset=\"utf-8\"><\/script><\/p>\n<p>&#8220;Hi\u00e7bir hukuk d\u00fczeni, kendisini ortadan kald\u0131racak yo\u011funlukta bir hukuka ayk\u0131r\u0131l\u0131\u011fa m\u00fcsamaha g\u00f6steremez, m\u00fcsaade edemez.&#8221; diyen Avukat \u00dcregen, &#8220;Kamu d\u00fczenini temelinden sarsacak d\u00fczeyde yo\u011fun hukuka ayk\u0131r\u0131l\u0131kla sakatlanan bir kurultay ge\u00e7erli olamayaca\u011f\u0131 gibi, bu kurultay bak\u0131m\u0131ndan var olan sakatl\u0131\u011f\u0131 ortadan kald\u0131rmak i\u00e7in hukuka kar\u015f\u0131 hile kast\u0131yla d\u00fczenlenen hi\u00e7bir kurultay da sakat olmaktan kurtulamaz. Mevcut CHP y\u00f6netimi \u00fczerindeki \u015faibelerden ar\u0131nmad\u0131k\u00e7a me\u015fru bir zemin elde edemez. Ka\u00e7 kurultay yaparsa yaps\u0131n, hukuki zeminde varl\u0131\u011f\u0131n\u0131 s\u00fcrd\u00fcremez.&#8221; diyerek hukukun inkar\u0131 anlam\u0131na geldi\u011fini dile getirdi\u011fi Ankara 42. Asliye Hukuk Mahkemesinin karar\u0131n\u0131 istinaf mahkemesine ta\u015fd\u0131klar\u0131n\u0131 a\u00e7\u0131klad\u0131.<\/p>","protected":false},"excerpt":{"rendered":"<p>Kurultay davas\u0131ndan gerek\u00e7eli karar\u0131n bug\u00fcn a\u00e7\u0131klanmas\u0131n\u0131n ard\u0131ndan bir a\u00e7\u0131klama yapan davac\u0131 vekillerinden Avukat Onur Yusuf \u00dcregen, kararla ilgili olarak istinaf mahkemesine ba\u015fvurduklar\u0131n\u0131 a\u00e7\u0131klad\u0131.<\/p>","protected":false},"author":3,"featured_media":279864,"comment_status":"closed","ping_status":"closed","sticky":false,"template":"","format":"standard","meta":{"footnotes":""},"categories":[285],"tags":[],"class_list":{"0":"post-279863","1":"post","2":"type-post","3":"status-publish","4":"format-standard","5":"has-post-thumbnail","7":"category-politika"},"_links":{"self":[{"href":"https:\/\/halkweb.com.tr\/de\/wp-json\/wp\/v2\/posts\/279863","targetHints":{"allow":["GET"]}}],"collection":[{"href":"https:\/\/halkweb.com.tr\/de\/wp-json\/wp\/v2\/posts"}],"about":[{"href":"https:\/\/halkweb.com.tr\/de\/wp-json\/wp\/v2\/types\/post"}],"author":[{"embeddable":true,"href":"https:\/\/halkweb.com.tr\/de\/wp-json\/wp\/v2\/users\/3"}],"replies":[{"embeddable":true,"href":"https:\/\/halkweb.com.tr\/de\/wp-json\/wp\/v2\/comments?post=279863"}],"version-history":[{"count":2,"href":"https:\/\/halkweb.com.tr\/de\/wp-json\/wp\/v2\/posts\/279863\/revisions"}],"predecessor-version":[{"id":279866,"href":"https:\/\/halkweb.com.tr\/de\/wp-json\/wp\/v2\/posts\/279863\/revisions\/279866"}],"wp:featuredmedia":[{"embeddable":true,"href":"https:\/\/halkweb.com.tr\/de\/wp-json\/wp\/v2\/media\/279864"}],"wp:attachment":[{"href":"https:\/\/halkweb.com.tr\/de\/wp-json\/wp\/v2\/media?parent=279863"}],"wp:term":[{"taxonomy":"category","embeddable":true,"href":"https:\/\/halkweb.com.tr\/de\/wp-json\/wp\/v2\/categories?post=279863"},{"taxonomy":"post_tag","embeddable":true,"href":"https:\/\/halkweb.com.tr\/de\/wp-json\/wp\/v2\/tags?post=279863"}],"curies":[{"name":"wp","href":"https:\/\/api.w.org\/{rel}","templated":true}]}}