{"id":279533,"date":"2025-06-28T20:34:47","date_gmt":"2025-06-28T20:34:47","guid":{"rendered":"https:\/\/halkweb.com.tr\/?p=279533"},"modified":"2025-06-28T20:36:49","modified_gmt":"2025-06-28T20:36:49","slug":"122-seitiger-neuer-bericht-der-den-verlauf-des-narin-guran-falls-verandern-wird","status":"publish","type":"post","link":"https:\/\/halkweb.com.tr\/de\/122-seitiger-neuer-bericht-der-den-verlauf-des-narin-guran-falls-verandern-wird\/","title":{"rendered":"122-seitiger neuer Bericht, der den Verlauf des Falls Narin G\u00fcran ver\u00e4ndern wird"},"content":{"rendered":"<div class=\"row section infinite\">\n<div class=\"col-md-8 col-sm-12 column-left modal-closing\">\n<div class=\"row topDetail\">\n<div class=\"col-sm-12 view20 pagedItems\" data-index=\"1\">\n<div class=\"newsDetailText\">\n<div class=\"newsBox\">\n<p>Diyarbak\u0131r&#8217;\u0131n Ba\u011flar il\u00e7esine ba\u011fl\u0131 Tav\u015fantepe K\u00f6y\u00fcnde, ge\u00e7en y\u0131l 21 A\u011fustos g\u00fcn\u00fc kaybolan Narin&#8217;in cans\u0131z bedeni, 19 g\u00fcn sonra evinden 1,5 kilometre mesafedeki E\u011fertutmaz Deresinde bulundu.<\/p>\n<p>Diyarbak\u0131r 8&#8217;inci A\u011f\u0131r Ceza Mahkemesinde yarg\u0131lanan anne Y\u00fcksel G\u00fcran, a\u011fabey Enes G\u00fcran, amca Salim G\u00fcran a\u011f\u0131rla\u015ft\u0131r\u0131lm\u0131\u015f m\u00fcebbet hapis cezas\u0131, kom\u015fu Nevzat Bahtiyar ise 4 y\u0131l 6 ay hapis cezas\u0131na \u00e7arpt\u0131r\u0131ld\u0131.<\/p>\n<p>B\u00f6lge Adliye Mahkemesinin de onad\u0131\u011f\u0131 dosya Yarg\u0131tay&#8217;a g\u00f6nderilmeyi beklerken, olayla ilgili s\u00fcrpriz bir gelime ya\u015fand\u0131. G\u00fcran ailesinin avukatlar\u0131, olay saatinde kaydedilen Dara-2 askeri \u00fcsse ait g\u00f6r\u00fcnt\u00fcleri yurt d\u0131\u015f\u0131na bir \u015firkete g\u00f6nderdi. G\u00f6r\u00fcnt\u00fclerin \u00e7\u00f6z\u00fcm\u00fc ve iyile\u015ftirilmesi amac\u0131yla yap\u0131lan \u00e7al\u0131\u015fmalar tamamland\u0131. Dara-2 kay\u0131tlar\u0131yla ilgili 122 sayfal\u0131k bir rapor haz\u0131rland\u0131.<\/p>\n<\/div>\n<\/div>\n<\/div>\n<div class=\"col-sm-12 view20 pagedItems\" data-index=\"2\">\n<div class=\"newsDetailText\">\n<div class=\"newsBox\">\n<p><img decoding=\"async\" title=\"narin-davasinda-surpriz-gelisme-dara-2-kameralariyla-ilgili-avukatlar-122-sayfalik-rapor-hazirladi-1751123546999.jpeg\" src=\"https:\/\/iasbh.tmgrup.com.tr\/8aa5ca\/0\/0\/0\/0\/0\/0?u=https:\/\/isbh.tmgrup.com.tr\/sbh\/2025\/06\/28\/narin-davasinda-surpriz-gelisme-dara-2-kameralariyla-ilgili-avukatlar-122-sayfalik-rapor-hazirladi-1751123546999.jpeg&amp;mw=650\" alt=\"\" \/><\/p>\n<p><strong>NAR\u0130N TEPEY\u0130 \u00c7IKTI MI?<\/strong><\/p>\n<p>Haz\u0131rlanan raporun sonu\u00e7 b\u00f6l\u00fcm\u00fcnde \u015fu ifadelere yer verildi:<\/p>\n<p>&#8220;Orijinal ve geli\u015ftirilmi\u015f Daran-2 askeri \u00fcss\u00fc kamera kayd\u0131 ger\u00e7ek kay\u0131tt\u0131r ve segmentin hi\u00e7bir noktas\u0131nda d\u00fczenlenmemi\u015f veya kurcalanmam\u0131\u015f olup klip karelerinin diziliminde s\u00fcreklilik g\u00f6stermektedir. Dara CCTV g\u00f6r\u00fcnt\u00fcleri 15:18:24&#8217;te kurban Narin G\u00fcran&#8217;\u0131n evinin yak\u0131n\u0131nda bir ki\u015fi taraf\u0131ndan kar\u015f\u0131land\u0131\u011f\u0131n\u0131 g\u00f6steriyor.<\/p>\n<\/div>\n<\/div>\n<\/div>\n<div class=\"col-sm-12 view20 pagedItems\" data-index=\"3\">\n<div class=\"newsDetailText\">\n<div class=\"newsBox\">\n<p><img decoding=\"async\" title=\"narin-davasinda-surpriz-gelisme-dara-2-kameralariyla-ilgili-avukatlar-122-sayfalik-rapor-hazirladi-1751123546754.jpeg\" src=\"https:\/\/iasbh.tmgrup.com.tr\/00e0b2\/0\/0\/0\/0\/0\/0?u=https:\/\/isbh.tmgrup.com.tr\/sbh\/2025\/06\/28\/narin-davasinda-surpriz-gelisme-dara-2-kameralariyla-ilgili-avukatlar-122-sayfalik-rapor-hazirladi-1751123546754.jpeg&amp;mw=650\" alt=\"\" \/><\/p>\n<p>\u0130ki g\u00f6lge g\u00f6r\u00fcl\u00fcyor; biri b\u00fcy\u00fck ve biri daha k\u00fc\u00e7\u00fck 15:16:00 ile 15:40:45 saatleri aras\u0131nda Dara-2 kameras\u0131 ma\u011fdur Narin G\u00fcran&#8217;\u0131n evine do\u011fru herhangi bir hareket g\u00f6zlenmemi\u015ftir. Bu durum ma\u011fdurun eve d\u00f6nmedi\u011fini ve b\u00fcy\u00fck ihtimalle ka\u00e7\u0131r\u0131ld\u0131\u011f\u0131n\u0131 g\u00f6stermektedir.<\/p>\n<\/div>\n<\/div>\n<\/div>\n<\/div>\n<\/div>\n<div class=\"col-md-4 col-sm-12 column-right pull-right\">\n<div class=\"column-right-sticky\">\n<div class=\"row\">\n<div class=\"col-md-12 col-sm-6 view10 visibleZone\">\n<div class=\"advert w300 h250 boxShadowSet\">\n<div class=\"item\">\n<div data-mbzone=\"300x250\" data-wbzone-loaded=\"300x250\">\n<div id=\"300x250_0\" data-google-query-id=\"CPaE1pX6lI4DFbDtEQgdhYQH-w\">\n<div id=\"google_ads_iframe_\/31110078,22727463451\/sabah\/desktop_web\/yasam\/300x250_0__container__\"><\/div>\n<\/div>\n<\/div>\n<\/div>\n<\/div>\n<\/div>\n<\/div>\n<\/div>\n<\/div>\n<\/div>\n<div class=\"row section infinite\">\n<div class=\"col-md-8 col-sm-12 column-left modal-closing\">\n<div class=\"row topDetail\">\n<div class=\"col-sm-12 view20 pagedItems\" data-index=\"4\">\n<div class=\"newsDetailText\">\n<div class=\"newsBox\">\n<p><img decoding=\"async\" src=\"https:\/\/iasbh.tmgrup.com.tr\/8a6a2f\/0\/0\/0\/0\/0\/0?u=https:\/\/isbh.tmgrup.com.tr\/sbh\/2025\/06\/28\/narin-davasinda-surpriz-gelisme-dara-2-kameralariyla-ilgili-avukatlar-122-sayfalik-rapor-hazirladi-1751123539136.jpeg&amp;mw=650\" \/><\/p>\n<p>15:14:00 ile 15:42:00 saatleri aras\u0131nda Dara-2 kameras\u0131 Arif G\u00fcran&#8217;\u0131n evinin evresinde herhangi bir insan veya ara\u00e7 hareketlili\u011fine rastlanmad\u0131. Saat 15:41:27&#8217;de d\u0131\u015f yolda koyu renkli (muhtemelen k\u0131rm\u0131z\u0131) bir ara\u00e7 g\u00f6r\u00fcld\u00fc, s\u00f6z konusu zaman diliminde ba\u015fka hi\u00e7bir ara\u00e7 g\u00f6r\u00fcnm\u00fcyordu.&#8221;<\/p>\n<p><img decoding=\"async\" src=\"https:\/\/iasbh.tmgrup.com.tr\/c6aa40\/0\/0\/0\/0\/0\/0?u=https:\/\/isbh.tmgrup.com.tr\/sbh\/2025\/06\/28\/narin-davasinda-surpriz-gelisme-dara-2-kameralariyla-ilgili-avukatlar-122-sayfalik-rapor-hazirladi-1751123543562.jpeg&amp;mw=650\" \/><\/p>\n<\/div>\n<\/div>\n<\/div>\n<\/div>\n<\/div>\n<\/div>","protected":false},"excerpt":{"rendered":"<p>Diyarbak\u0131r\u2019da cinayete kurban giden 8 ya\u015f\u0131ndaki Narin G\u00fcran, olay\u0131nda s\u00fcrpriz bir geli\u015fme daha ya\u015fand\u0131. G\u00fcran ailesinin avukatlar\u0131 Dara-2 askeri kameralar\u0131na ait g\u00f6r\u00fcnt\u00fclerle ilgili rapor haz\u0131rlad\u0131. Yurt d\u0131\u015f\u0131nda bir \u015firkete haz\u0131rlat\u0131lan 122 sayfal\u0131k raporu avukatlar, \u00f6n\u00fcm\u00fczdeki hafta mahkemeye sunacak.<\/p>","protected":false},"author":3,"featured_media":279534,"comment_status":"closed","ping_status":"closed","sticky":false,"template":"","format":"standard","meta":{"footnotes":""},"categories":[2],"tags":[],"class_list":{"0":"post-279533","1":"post","2":"type-post","3":"status-publish","4":"format-standard","5":"has-post-thumbnail","7":"category-gundem"},"_links":{"self":[{"href":"https:\/\/halkweb.com.tr\/de\/wp-json\/wp\/v2\/posts\/279533","targetHints":{"allow":["GET"]}}],"collection":[{"href":"https:\/\/halkweb.com.tr\/de\/wp-json\/wp\/v2\/posts"}],"about":[{"href":"https:\/\/halkweb.com.tr\/de\/wp-json\/wp\/v2\/types\/post"}],"author":[{"embeddable":true,"href":"https:\/\/halkweb.com.tr\/de\/wp-json\/wp\/v2\/users\/3"}],"replies":[{"embeddable":true,"href":"https:\/\/halkweb.com.tr\/de\/wp-json\/wp\/v2\/comments?post=279533"}],"version-history":[{"count":4,"href":"https:\/\/halkweb.com.tr\/de\/wp-json\/wp\/v2\/posts\/279533\/revisions"}],"predecessor-version":[{"id":279538,"href":"https:\/\/halkweb.com.tr\/de\/wp-json\/wp\/v2\/posts\/279533\/revisions\/279538"}],"wp:featuredmedia":[{"embeddable":true,"href":"https:\/\/halkweb.com.tr\/de\/wp-json\/wp\/v2\/media\/279534"}],"wp:attachment":[{"href":"https:\/\/halkweb.com.tr\/de\/wp-json\/wp\/v2\/media?parent=279533"}],"wp:term":[{"taxonomy":"category","embeddable":true,"href":"https:\/\/halkweb.com.tr\/de\/wp-json\/wp\/v2\/categories?post=279533"},{"taxonomy":"post_tag","embeddable":true,"href":"https:\/\/halkweb.com.tr\/de\/wp-json\/wp\/v2\/tags?post=279533"}],"curies":[{"name":"wp","href":"https:\/\/api.w.org\/{rel}","templated":true}]}}