{"id":279114,"date":"2024-12-01T19:25:06","date_gmt":"2024-12-01T19:25:06","guid":{"rendered":"https:\/\/halkweb.com.tr\/?p=279114"},"modified":"2024-12-01T20:06:26","modified_gmt":"2024-12-01T20:06:26","slug":"raumungsbeschluss-der-gemeinde-cankaya-der-die-tscherkessen-emport","status":"publish","type":"post","link":"https:\/\/halkweb.com.tr\/de\/raumungsbeschluss-der-gemeinde-cankaya-der-die-tscherkessen-emport\/","title":{"rendered":"Der R\u00e4umungsbeschluss der Stadtverwaltung von \u00c7ankaya, der die Tscherkessen auf die Beine brachte"},"content":{"rendered":"<p>Die CHP-nahe Stadtverwaltung von \u00c7ankaya hat die R\u00e4umung der Ya\u015famkent-Sozialeinrichtung der Tscherkessenvereinigung von Ankara, die von der Vereinigung seit 2015 genutzt wurde, mit Polizeigewalt veranlasst. Als Reaktion auf die R\u00e4umungsentscheidung erkl\u00e4rte die A\u00c7D, dass diese Entscheidung nicht mit dem Verst\u00e4ndnis der Stadtverwaltung von \u00c7ankaya als sozialer Kommune vereinbar sei, und bereitet sich darauf vor, bei der Justiz die Aufhebung der R\u00e4umungsentscheidung zu erwirken.<\/p>\n<blockquote class=\"wp-embedded-content\" data-secret=\"jOTVeO1lsR\"><p><a href=\"https:\/\/halkweb.com.tr\/de\/huseyin-can-guner-cerkeslerle-chpyi-karsi-karsiya-getirdi\/\">H\u00fcseyin Can G\u00fcner hat die Tscherkessen gegen die CHP ausgespielt<\/a><\/p><\/blockquote>\n<p><iframe loading=\"lazy\" class=\"wp-embedded-content\" sandbox=\"allow-scripts\" security=\"restricted\" style=\"position: absolute; visibility: hidden;\" title=\"\u201cH\u00fcseyin Can G\u00fcner brachte Tscherkessen und CHP gegeneinander auf\u201d - Halkweb\" src=\"https:\/\/halkweb.com.tr\/huseyin-can-guner-cerkeslerle-chpyi-karsi-karsiya-getirdi\/embed\/#?secret=OYk4Ovxg3S#?secret=jOTVeO1lsR\" data-secret=\"jOTVeO1lsR\" width=\"600\" height=\"338\" frameborder=\"0\" marginwidth=\"0\" marginheight=\"0\" scrolling=\"no\"><\/iframe><\/p>\n<p>Der Verband der Tscherkessen in Ankara beantragte bei der Stadtverwaltung \u00c7ankaya eine Verl\u00e4ngerung der Zuweisungsfrist f\u00fcr die Ya\u015famkent-Sozialeinrichtung, die er mit eigenen Mitteln auf dem von der Stadtverwaltung Yenimahalle im Jahr 2013 zugewiesenen Grundst\u00fcck errichtet hatte, und verwies auf die Jahre, in denen die Einrichtung aufgrund der Pandemie nicht aktiv genutzt wurde.<\/p>\n<h3>Auch die Anweisung von Special hat das Problem nicht gel\u00f6st<\/h3>\n<p>Um die Krise zwischen dem Verein der Tscherkessen von Ankara und der Stadtverwaltung von \u00c7ankaya zu l\u00f6sen, besuchte eine Delegation, bestehend aus den F\u00fchrungskr\u00e4ften der F\u00f6deration der kaukasischen Vereine (KAFFED) und des Vereins der Tscherkessen von Ankara, letzten Monat den CHP-Vorsitzenden \u00d6zg\u00fcr \u00d6zel und bat um Hilfe bei der L\u00f6sung des Problems.<\/p>\n<p>\u00d6zg\u00fcr \u00d6zel hatte den Vertretern der tscherkessischen Gemeinschaft auch gesagt, dass sie ihnen helfen w\u00fcrden, das Problem zu l\u00f6sen.<\/p>\n<p>Die Leitung des Vereins gibt an, dass die Beamten der Stadtverwaltung, mit denen sie zusammengetroffen sind, zwar geantwortet haben: \u201cEs gibt kein Problem, die Frist wird verl\u00e4ngert\u201d, dass aber die Zuweisungsfrist f\u00fcr die Einrichtung nicht verl\u00e4ngert wurde und eine R\u00e4umungsentscheidung getroffen wurde.<\/p>\n<p><img loading=\"lazy\" decoding=\"async\" class=\"alignnone size-full wp-image-279115\" src=\"https:\/\/halkweb.com.tr\/wp-content\/uploads\/2024\/12\/gdu83lzxmaabiaz.jpg\" alt=\"\" width=\"745\" height=\"900\" srcset=\"https:\/\/halkweb.com.tr\/wp-content\/uploads\/2024\/12\/gdu83lzxmaabiaz.jpg 745w, https:\/\/halkweb.com.tr\/wp-content\/uploads\/2024\/12\/gdu83lzxmaabiaz-300x362.jpg 300w, https:\/\/halkweb.com.tr\/wp-content\/uploads\/2024\/12\/gdu83lzxmaabiaz-696x841.jpg 696w\" sizes=\"auto, (max-width: 745px) 100vw, 745px\" \/><\/p>\n<h3>Stadtverwaltung erhebt schwere Vorw\u00fcrfe gegen den Tscherkessenverband von Ankara<\/h3>\n<p>Die Stadtverwaltung von \u00c7ankaya, die die Evakuierung der Einrichtung angeordnet hatte, machte den Tscherkessenverband von Ankara daf\u00fcr verantwortlich.<\/p>\n<p>In der Erkl\u00e4rung wurde behauptet, dass die letzte Sitzung, an der auch der B\u00fcrgermeister H\u00fcseyin Can G\u00fcner teilnahm, aufgrund der Reden der Vereinsf\u00fchrung, die so weit gingen, dass sie den B\u00fcrgermeister und die B\u00fcrokraten bedrohten, aufgel\u00f6st wurde und es wurde verstanden, dass keine Fortschritte erzielt werden konnten: \u201cEs wurde endg\u00fcltig verstanden, dass es nicht um die T\u00e4tigkeit des Vereins geht, sondern um das Bestreben einer Gruppe innerhalb des Vereins, kommerzielle Aktivit\u00e4ten durchzuf\u00fchren. Ab diesem Zeitpunkt werden die Verfahren, die zwingend durchgef\u00fchrt werden m\u00fcssen, von der Bezirkshauptmannschaft durchgef\u00fchrt.\u201d.<\/p>\n<p>In der Erkl\u00e4rung hei\u00dft es, dass die Stadtverwaltung \u00c7ankaya keine besondere und negative Einstellung gegen\u00fcber irgendeinem Segment der Gesellschaft hat und dass alle Arbeiten und Transaktionen im Rahmen der gesetzlich festgelegten Grenzen durchgef\u00fchrt werden und dass entgegen den Behauptungen nicht geplant ist, das betreffende Gebiet einer anderen Vereinigung oder Nichtregierungsorganisation zuzuweisen, und dass die Einrichtung im Einklang mit den gemeinsamen Bed\u00fcrfnissen der Bev\u00f6lkerung von Ya\u015famkent f\u00fcr alle genutzt werden wird.<\/p>\n<p><img loading=\"lazy\" decoding=\"async\" class=\"alignnone size-full wp-image-279116\" src=\"https:\/\/halkweb.com.tr\/wp-content\/uploads\/2024\/12\/acd.jpg\" alt=\"\" width=\"700\" height=\"1230\" srcset=\"https:\/\/halkweb.com.tr\/wp-content\/uploads\/2024\/12\/acd.jpg 700w, https:\/\/halkweb.com.tr\/wp-content\/uploads\/2024\/12\/acd-300x527.jpg 300w, https:\/\/halkweb.com.tr\/wp-content\/uploads\/2024\/12\/acd-696x1223.jpg 696w\" sizes=\"auto, (max-width: 700px) 100vw, 700px\" \/><\/p>\n<h3>Antwort der Tscherkessenvereinigung Ankara an die Stadtverwaltung \u00c7ankaya<\/h3>\n<p>Der Tscherkessenverband Ankara reagierte auf diese Behauptungen der Stadtverwaltung \u00c7ankaya mit einer schriftlichen Erkl\u00e4rung.<\/p>\n<p>\u201cIn der Erkl\u00e4rung mit dem Titel \u201dDie Stadtverwaltung von \u00c7ankaya beschlagnahmt gewaltsam die von Tscherkessen mit ihren eigenen Mitteln errichtete Einrichtung\" hei\u00dft es, dass die Stadtverwaltung von \u00c7ankaya ein Verfahren zur R\u00e4umung der Einrichtung eingeleitet hat, nachdem die Tscherkessenvereinigung Ya\u015famkent Sozialeinrichtungen, die sich innerhalb der Grenzen der Stadtverwaltung von \u00c7ankaya befinden und mit der finanziellen Unterst\u00fctzung von Tscherkessen aus der ganzen T\u00fcrkei errichtet wurden, um eine Verl\u00e4ngerung des zehnj\u00e4hrigen Mietvertrags gebeten hatte.<\/p>\n<p>Die Erkl\u00e4rung enthielt auch die folgenden Aussagen:<\/p>\n<p>\u201cEs ist inakzeptabel, dass die Stadtverwaltung von \u00c7ankaya die mit eigenen Mitteln errichtete Einrichtung der Tscherkessen-Vereinigung, einer der \u00e4ltesten Nichtregierungsorganisationen in der T\u00fcrkei, die seit 1961 Pionierarbeit im Bereich der Sprach-, Identit\u00e4ts- und Kulturstudien leistet, gewaltsam beschlagnahmt hat. Obwohl in allen Verhandlungen \u00fcber die Verl\u00e4ngerung des Mietvertrags ab der Bauphase der Einrichtung erkl\u00e4rt wurde, dass das Problem auf faire Weise gel\u00f6st werden w\u00fcrde, leitete die Stadtverwaltung von \u00c7ankaya die R\u00e4umung mit Polizeigewalt ein, was bei allen Tscherkessen in der T\u00fcrkei gro\u00dfe Emp\u00f6rung hervorrief. Fast 60 der F\u00f6deration der kaukasischen Vereine angeschlossene Vereine und Dutzende von Nichtregierungsorganisationen haben ebenfalls eine Erkl\u00e4rung unterzeichnet, in der sie sich an die Seite des Tscherkessenvereins von Ankara stellen.\u2019<\/p>\n<h3>Es wird eine Pressemitteilung ver\u00f6ffentlicht<\/h3>\n<p>In der Erkl\u00e4rung des Vereins hei\u00dft es: \u201cWir laden Sie zu der Presseerkl\u00e4rung ein, die am Montag, den 2. Dezember um 10.00 Uhr in den Sozialeinrichtungen des Tscherkessenvereins Ya\u015famkent stattfinden wird, um dieser beispiellosen Praxis ein Ende zu setzen, die dem sozialkommunistischen Verst\u00e4ndnis der Gemeinde \u00c7ankaya widerspricht, die kulturelle Arbeit und Identit\u00e4t nicht respektiert, und um den geplanten R\u00e4umungsprozess zu stoppen.\u2019 Der Aufruf wurde auch gemacht.<\/p>\n<p>Andererseits wurde bekannt, dass der tscherkessische Verband Ankara bei der Justiz eine Aussetzung der R\u00e4umung beantragen wird.<\/p>\n<p>Auf der anderen Seite die tscherkessische Gemeinschaft, <a class=\"css-1jxf684 r-bcqeeo r-1ttztb7 r-qvutc0 r-poiln3 r-1ny4l3l r-1ddef8g r-tjvw6i r-1loqt21\" dir=\"ltr\" role=\"link\" href=\"https:\/\/x.com\/hashtag\/cerkesderne%C4%9Finedokunma?src=hashtag_click\">#cGemeinwohlschutz<\/a>\u00a0 Die Organisation hat auch eine Kampagne in den sozialen Medien mit dem Hashtag gestartet.<\/p>","protected":false},"excerpt":{"rendered":"<p>Die Verhandlungen zwischen dem Tscherkessenverband Ankara und der Stadtverwaltung von \u00c7ankaya haben zu keinem Ergebnis gef\u00fchrt. Die Stadtverwaltung gab eine Erkl\u00e4rung ab, in der sie die Vereinsf\u00fchrung schwer beschuldigte. Der tscherkessische Verband wird die Justiz einschalten, um die R\u00e4umung zu stoppen.<\/p>","protected":false},"author":3,"featured_media":279119,"comment_status":"closed","ping_status":"closed","sticky":false,"template":"","format":"standard","meta":{"footnotes":""},"categories":[2],"tags":[15,289,288],"class_list":{"0":"post-279114","1":"post","2":"type-post","3":"status-publish","4":"format-standard","5":"has-post-thumbnail","7":"category-gundem","8":"tag-chp","9":"tag-manset","10":"tag-ozgur-ozel"},"_links":{"self":[{"href":"https:\/\/halkweb.com.tr\/de\/wp-json\/wp\/v2\/posts\/279114","targetHints":{"allow":["GET"]}}],"collection":[{"href":"https:\/\/halkweb.com.tr\/de\/wp-json\/wp\/v2\/posts"}],"about":[{"href":"https:\/\/halkweb.com.tr\/de\/wp-json\/wp\/v2\/types\/post"}],"author":[{"embeddable":true,"href":"https:\/\/halkweb.com.tr\/de\/wp-json\/wp\/v2\/users\/3"}],"replies":[{"embeddable":true,"href":"https:\/\/halkweb.com.tr\/de\/wp-json\/wp\/v2\/comments?post=279114"}],"version-history":[{"count":2,"href":"https:\/\/halkweb.com.tr\/de\/wp-json\/wp\/v2\/posts\/279114\/revisions"}],"predecessor-version":[{"id":279120,"href":"https:\/\/halkweb.com.tr\/de\/wp-json\/wp\/v2\/posts\/279114\/revisions\/279120"}],"wp:featuredmedia":[{"embeddable":true,"href":"https:\/\/halkweb.com.tr\/de\/wp-json\/wp\/v2\/media\/279119"}],"wp:attachment":[{"href":"https:\/\/halkweb.com.tr\/de\/wp-json\/wp\/v2\/media?parent=279114"}],"wp:term":[{"taxonomy":"category","embeddable":true,"href":"https:\/\/halkweb.com.tr\/de\/wp-json\/wp\/v2\/categories?post=279114"},{"taxonomy":"post_tag","embeddable":true,"href":"https:\/\/halkweb.com.tr\/de\/wp-json\/wp\/v2\/tags?post=279114"}],"curies":[{"name":"wp","href":"https:\/\/api.w.org\/{rel}","templated":true}]}}