{"id":279099,"date":"2024-11-27T12:01:54","date_gmt":"2024-11-27T12:01:54","guid":{"rendered":"https:\/\/halkweb.com.tr\/?p=279099"},"modified":"2024-11-27T15:06:16","modified_gmt":"2024-11-27T15:06:16","slug":"erdogan-wiederholte-in-seiner-rede-erneut-sein-versprechen-eines-manipulierten-kongresses-fur-die-chp","status":"publish","type":"post","link":"https:\/\/halkweb.com.tr\/de\/erdogan-wiederholte-in-seiner-rede-erneut-sein-versprechen-eines-manipulierten-kongresses-fur-die-chp\/","title":{"rendered":"Die Codes von Erdo\u011fans Rede: Wiederholung seiner \u2018fragw\u00fcrdigen Kongress\u2019-Bemerkung \u00fcber die CHP"},"content":{"rendered":"<p>In seiner Fraktionsrede nahm der Staatspr\u00e4sident und AKP-Vorsitzende Recep Tayyip Erdo\u011fan erneut Kemal K\u0131l\u0131\u00e7daro\u011flu, den siebten Vorsitzenden der Republikanischen Volkspartei (CHP), ins Visier.<\/p>\n<p>In Bezug auf K\u0131l\u0131\u00e7daro\u011flu, der k\u00fcrzlich mit seiner Verteidigung in einer Anh\u00f6rung, in der er als Kl\u00e4ger auftrat, auf sich aufmerksam machte, verwendete Erdo\u011fan die folgenden Ausdr\u00fccke:<\/p>\n<p><em>\u201cDas j\u00fcngste Beispiel daf\u00fcr sind die Abf\u00e4lle, Beleidigungen und Verleumdungen, die der ehemalige Vorsitzende der CHP, der aus der Politik ausgeschlossen wurde, in dem Gerichtssaal, in dem er k\u00fcrzlich als Angeklagter auftrat, wie ein ungebremster Lastwagen ausstie\u00df. Dieser Mensch, der ausnahmslos alle Wahlen verloren hat, ist ein ehemaliger Politiker, der in seiner eigenen Partei beleidigt, von einem zwielichtigen Kongress abgesetzt und ins Exil geschickt wurde. Der besiegte Ringer kann vom Ringen nicht genug bekommen. W\u00e4hrend dieser Mensch dunkle Allianzen schmiedet und auf Delegiertenjagd geht, um seine Partei wieder auf den Parteitag zu bringen, sieht er den Weg, zur Tagesordnung \u00fcberzugehen, indem er uns reizt, genauer gesagt, indem er eine Pr\u00e4mie auf uns setzt.\u201d<\/em><\/p>\n<h3>\u2018Wem sendet er mit dem Wort \u2019fragw\u00fcrdiger Kongress\" eine Botschaft?<\/h3>\n<p>Erdo\u011fan bezeichnete die 38. ordentliche Generalversammlung der CHP, bei der Kemal K\u0131l\u0131\u00e7daro\u011flu den Vorsitz verlor und \u00d6zg\u00fcr \u00d6zel zum Vorsitzenden gew\u00e4hlt wurde, als \u201czwielichtige Versammlung\u201d, und es war nicht das erste Mal, dass er diesen Ausdruck verwendete.<\/p>\n<p>In seiner Rede auf dem Treffen der AKP-Landesvorsitzenden am 22. Oktober sagte Erdo\u011fan, dass die Beseitigung derjenigen, die jahrelang aufgrund ihrer Zugeh\u00f6rigkeit, ihrer Herkunft und ihrer Ideologie Hass unter der Nation ges\u00e4t h\u00e4tten, wenn auch durch einen fragw\u00fcrdigen Kongressprozess, eine wertvolle Errungenschaft f\u00fcr die Einheit und Solidarit\u00e4t der T\u00fcrkei sei.<\/p>\n<p>Es ist bemerkenswert, dass Erdo\u011fan den Kongress, auf dem \u00d6zg\u00fcr \u00d6zel im Abstand von etwa einem Monat zum Vorsitzenden gew\u00e4hlt wurde, als \u2018zwielichtig\u2019 bezeichnete.<\/p>\n<p>Im Anschluss an den 38. Ordentlichen Kongress der CHP stand die Behauptung, es sei eine Untersuchung des Kongresses eingeleitet worden, auf der \u00f6ffentlichen Tagesordnung. Danach gab es jedoch keine weiteren Entwicklungen zu dieser Untersuchung. Es gibt Einsch\u00e4tzungen, dass Erdo\u011fans Behauptung des \u2018zwielichtigen Kongresses\u2019 eine Anspielung auf diese Untersuchung ist und dass er mit diesen Worten \u00d6zg\u00fcr \u00d6zel und der CHP-Verwaltung die Botschaft gab: \u2018Ich behalte euch im Auge\u2019.<\/p>\n<h3>Die CHP-Verwaltung hat auf diese Behauptung nicht reagiert<\/h3>\n<p>Auf der anderen Seite haben \u00d6zg\u00fcr \u00d6zel und die CHP-Verwaltung bis heute nicht auf Erdo\u011fans \u2018fragw\u00fcrdige Kongress\u2019-\u00c4u\u00dferungen reagiert. Das Schweigen der Parteiverwaltung in der CHP, wo die Diskussionen \u00fcber den au\u00dferordentlichen Kongress noch andauern, erregt Aufmerksamkeit. Au\u00dferdem wurde die Tatsache, dass Erdo\u011fan dies nach der Live-Sendung von \u00d6zg\u00fcr \u00d6zel sagte, in der er sagte: \u201cIch bin bereit, mit Erdo\u011fan zu Assad zu gehen, wenn es n\u00f6tig ist\u201d, in den politischen Lobbys als \u2018Erdo\u011fan gibt eine Botschaft\u2019 interpretiert.<\/p>","protected":false},"excerpt":{"rendered":"<p>Erdo\u011fan nannte die 38. ordentliche Generalversammlung der CHP, in der \u00d6zg\u00fcr \u00d6zel zum Vorsitzenden gew\u00e4hlt wurde, eine \u201czwielichtige Versammlung\u201d.<\/p>","protected":false},"author":3,"featured_media":279100,"comment_status":"closed","ping_status":"closed","sticky":false,"template":"","format":"standard","meta":{"footnotes":""},"categories":[285],"tags":[15,78,289,288],"class_list":{"0":"post-279099","1":"post","2":"type-post","3":"status-publish","4":"format-standard","5":"has-post-thumbnail","7":"category-politika","8":"tag-chp","9":"tag-kemal-kilicdaroglu","10":"tag-manset","11":"tag-ozgur-ozel"},"_links":{"self":[{"href":"https:\/\/halkweb.com.tr\/de\/wp-json\/wp\/v2\/posts\/279099","targetHints":{"allow":["GET"]}}],"collection":[{"href":"https:\/\/halkweb.com.tr\/de\/wp-json\/wp\/v2\/posts"}],"about":[{"href":"https:\/\/halkweb.com.tr\/de\/wp-json\/wp\/v2\/types\/post"}],"author":[{"embeddable":true,"href":"https:\/\/halkweb.com.tr\/de\/wp-json\/wp\/v2\/users\/3"}],"replies":[{"embeddable":true,"href":"https:\/\/halkweb.com.tr\/de\/wp-json\/wp\/v2\/comments?post=279099"}],"version-history":[{"count":2,"href":"https:\/\/halkweb.com.tr\/de\/wp-json\/wp\/v2\/posts\/279099\/revisions"}],"predecessor-version":[{"id":279102,"href":"https:\/\/halkweb.com.tr\/de\/wp-json\/wp\/v2\/posts\/279099\/revisions\/279102"}],"wp:featuredmedia":[{"embeddable":true,"href":"https:\/\/halkweb.com.tr\/de\/wp-json\/wp\/v2\/media\/279100"}],"wp:attachment":[{"href":"https:\/\/halkweb.com.tr\/de\/wp-json\/wp\/v2\/media?parent=279099"}],"wp:term":[{"taxonomy":"category","embeddable":true,"href":"https:\/\/halkweb.com.tr\/de\/wp-json\/wp\/v2\/categories?post=279099"},{"taxonomy":"post_tag","embeddable":true,"href":"https:\/\/halkweb.com.tr\/de\/wp-json\/wp\/v2\/tags?post=279099"}],"curies":[{"name":"wp","href":"https:\/\/api.w.org\/{rel}","templated":true}]}}