{"id":279003,"date":"2024-11-18T12:29:06","date_gmt":"2024-11-18T12:29:06","guid":{"rendered":"https:\/\/halkweb.com.tr\/?p=279003"},"modified":"2024-11-18T12:29:06","modified_gmt":"2024-11-18T12:29:06","slug":"kilicdaroglu-wird-personlich-an-der-anhorung-in-dem-von-erdogan-angestrengten-verfahren-teilnehmen","status":"publish","type":"post","link":"https:\/\/halkweb.com.tr\/de\/kilicdaroglu-wird-personlich-an-der-anhorung-in-dem-von-erdogan-angestrengten-verfahren-teilnehmen\/","title":{"rendered":"K\u0131l\u0131\u00e7daro\u011flu wird pers\u00f6nlich an der Anh\u00f6rung in dem von Erdo\u011fan angestrengten Verfahren teilnehmen"},"content":{"rendered":"<p>Gegen Kemal K\u0131l\u0131\u00e7daro\u011flu, den 7. Vorsitzenden der Republikanischen Volkspartei (CHP), wurde eine Vorladung im Rahmen der Klage des ehemaligen Anwalts von Pr\u00e4sident Erdo\u011fan erlassen. K\u0131l\u0131\u00e7daro\u011flu wird pers\u00f6nlich an der Anh\u00f6rung teilnehmen.<\/p>\n<blockquote class=\"twitter-tweet\">\n<p dir=\"ltr\" lang=\"tr\">Auf die Beschwerde von Erdo\u011fan hin, dem der Ausdruck der Korruptionsrealit\u00e4ten unangenehm war, wurde die Staatsanwaltschaft aktiv und reichte gem\u00e4\u00df den erhaltenen Anweisungen Klage gegen unseren Generalpr\u00e4sidenten Kemal K\u0131l\u0131\u00e7daro\u011flu ein und forderte Haft und politisches Verbot!<\/p>\n<p>22. November um 14:00 Uhr Ankara...<\/p>\n<p>- Celal \u00c7EL\u0130K (@CelikBaskan06) <a href=\"https:\/\/twitter.com\/CelikBaskan06\/status\/1858481983455645781?ref_src=twsrc%5Etfw\" target=\"_blank\" rel=\"noopener\">18. November 2024<\/a><\/p><\/blockquote>\n<p><script async src=\"https:\/\/platform.twitter.com\/widgets.js\" charset=\"utf-8\"><\/script><br \/>\nDas 48. Strafgericht erster Instanz in Istanbul erlie\u00df eine Vorladung gegen den 7. Vorsitzenden der CHP, Kemal K\u0131l\u0131\u00e7daro\u011flu, in dem Verfahren, das gegen ihn wegen angeblicher Beleidigung des ehemaligen Anwalts von Pr\u00e4sident Recep Tayyip Erdo\u011fan, Mustafa Do\u011fan \u0130nal, angestrengt wurde.<\/p>\n<h3>Er wird an der Anh\u00f6rung teilnehmen und sich verteidigen<\/h3>\n<p>Kemal K\u0131l\u0131\u00e7daro\u011flu wird am Freitag, den 22. November, pers\u00f6nlich an der Anh\u00f6rung vor dem 57. Strafgericht erster Instanz in Ankara teilnehmen und seine Verteidigung vortragen.<\/p>\n<p>Nach 11 Jahren und 8 Monaten Haft und einem politischen Verbot in diesem Fall wird K\u0131l\u0131\u00e7daro\u011flu die Korruptionsvorw\u00fcrfe, die er zuvor vor Gericht ge\u00e4u\u00dfert hatte, erneut mit seinen Dokumenten vortragen.<\/p>","protected":false},"excerpt":{"rendered":"<p>Gegen Kemal K\u0131l\u0131\u00e7daro\u011flu, den 7. Vorsitzenden der Republikanischen Volkspartei (CHP), wurde eine Vorladung im Rahmen der Klage des ehemaligen Anwalts von Pr\u00e4sident Erdo\u011fan erlassen. K\u0131l\u0131\u00e7daro\u011flu wird pers\u00f6nlich an der Anh\u00f6rung teilnehmen.<\/p>","protected":false},"author":3,"featured_media":279004,"comment_status":"closed","ping_status":"closed","sticky":false,"template":"","format":"standard","meta":{"footnotes":""},"categories":[285],"tags":[15,78],"class_list":{"0":"post-279003","1":"post","2":"type-post","3":"status-publish","4":"format-standard","5":"has-post-thumbnail","7":"category-politika","8":"tag-chp","9":"tag-kemal-kilicdaroglu"},"_links":{"self":[{"href":"https:\/\/halkweb.com.tr\/de\/wp-json\/wp\/v2\/posts\/279003","targetHints":{"allow":["GET"]}}],"collection":[{"href":"https:\/\/halkweb.com.tr\/de\/wp-json\/wp\/v2\/posts"}],"about":[{"href":"https:\/\/halkweb.com.tr\/de\/wp-json\/wp\/v2\/types\/post"}],"author":[{"embeddable":true,"href":"https:\/\/halkweb.com.tr\/de\/wp-json\/wp\/v2\/users\/3"}],"replies":[{"embeddable":true,"href":"https:\/\/halkweb.com.tr\/de\/wp-json\/wp\/v2\/comments?post=279003"}],"version-history":[{"count":1,"href":"https:\/\/halkweb.com.tr\/de\/wp-json\/wp\/v2\/posts\/279003\/revisions"}],"predecessor-version":[{"id":279005,"href":"https:\/\/halkweb.com.tr\/de\/wp-json\/wp\/v2\/posts\/279003\/revisions\/279005"}],"wp:featuredmedia":[{"embeddable":true,"href":"https:\/\/halkweb.com.tr\/de\/wp-json\/wp\/v2\/media\/279004"}],"wp:attachment":[{"href":"https:\/\/halkweb.com.tr\/de\/wp-json\/wp\/v2\/media?parent=279003"}],"wp:term":[{"taxonomy":"category","embeddable":true,"href":"https:\/\/halkweb.com.tr\/de\/wp-json\/wp\/v2\/categories?post=279003"},{"taxonomy":"post_tag","embeddable":true,"href":"https:\/\/halkweb.com.tr\/de\/wp-json\/wp\/v2\/tags?post=279003"}],"curies":[{"name":"wp","href":"https:\/\/api.w.org\/{rel}","templated":true}]}}