{"id":278978,"date":"2024-11-16T15:59:44","date_gmt":"2024-11-16T15:59:44","guid":{"rendered":"https:\/\/halkweb.com.tr\/?p=278978"},"modified":"2024-11-16T16:00:09","modified_gmt":"2024-11-16T16:00:09","slug":"es-gibt-ein-problem-mit-der-sauberkeit-in-den-schulen-und-der-minister-fur-nationale-bildung-ist-besorgt-uber-den-sakularismus","status":"publish","type":"post","link":"https:\/\/halkweb.com.tr\/de\/es-gibt-ein-problem-mit-der-sauberkeit-in-den-schulen-und-der-minister-fur-nationale-bildung-ist-besorgt-uber-den-sakularismus\/","title":{"rendered":"S\u00e4kularismus ist das Anliegen des Ministers f\u00fcr nationale Bildung, der ein Problem mit der Sauberkeit in seinen Schulen hat"},"content":{"rendered":"<p>&nbsp;<\/p>\n<p>Zu Beginn des Schuljahres standen die Reinigungs- und Hygieneprobleme in \u00f6ffentlichen Schulen auf der Tagesordnung.<\/p>\n<p>Es wurde festgestellt, dass das Problem auf den Mangel an Reinigungspersonal und Material zur\u00fcckzuf\u00fchren ist, und es wurde erkl\u00e4rt, dass das Ministerium f\u00fcr nationale Bildung 30.000 Mitarbeiter einstellen wird.<\/p>\n<p>Trotz der get\u00e4tigten K\u00e4ufe gibt es immer noch Behauptungen, dass das Problem nicht vollst\u00e4ndig gel\u00f6st wurde.<\/p>\n<p>Auch die Sauberkeit ist nicht das einzige Problem in den Schulen.<\/p>\n<p>Es ist bekannt, dass einige Kinder in Schulen aufgrund der steigenden Kosten an Unterern\u00e4hrung leiden.<\/p>\n<p>Es ist bekannt, dass es Sch\u00fcler gibt, die aus Geldmangel nicht in den Genuss der Schulkantine kommen und von zu Hause keine angemessene Ern\u00e4hrung mitbringen k\u00f6nnen.<\/p>\n<p>Genau in diesem Umfeld tritt Bildungsminister Yusuf Tekin erneut mit einer anderen Agenda an die \u00d6ffentlichkeit.<\/p>\n<p>In seiner Rede auf dem 8. Ordentlichen Kongress der AKP in Batman kritisierte Tekin die Kreise, die er als \u201cIhre\u201d Kreise \u00fcber den S\u00e4kularismus bezeichnete.<\/p>\n<p>\u201cSie zwingen mir einen S\u00e4kularismus auf, den Sie selbst erfunden haben. Ihr Verst\u00e4ndnis von S\u00e4kularismus ist folgendes: die T\u00fcren von Moscheen zu verschlie\u00dfen, Moscheen in St\u00e4lle zu verwandeln, den B\u00fcrgern zu verbieten, den Koran zu lernen.\u201d<\/p>\n<p>Es wurde nicht verstanden, wer \u201cSie\u201d in Tekins Rede war.<\/p>\n<p><strong>\u00a0<\/strong><\/p>\n<p><strong>\u00a0<\/strong><\/p>","protected":false},"excerpt":{"rendered":"<p>Minister Yusuf Tekin sagte: \u201cIhr Verst\u00e4ndnis von S\u00e4kularismus besteht darin, die T\u00fcren von Moscheen zu verschlie\u00dfen und Moscheen in St\u00e4lle zu verwandeln\u201d.<\/p>","protected":false},"author":4,"featured_media":278980,"comment_status":"closed","ping_status":"closed","sticky":false,"template":"","format":"standard","meta":{"footnotes":""},"categories":[2],"tags":[15,78,288],"class_list":{"0":"post-278978","1":"post","2":"type-post","3":"status-publish","4":"format-standard","5":"has-post-thumbnail","7":"category-gundem","8":"tag-chp","9":"tag-kemal-kilicdaroglu","10":"tag-ozgur-ozel"},"_links":{"self":[{"href":"https:\/\/halkweb.com.tr\/de\/wp-json\/wp\/v2\/posts\/278978","targetHints":{"allow":["GET"]}}],"collection":[{"href":"https:\/\/halkweb.com.tr\/de\/wp-json\/wp\/v2\/posts"}],"about":[{"href":"https:\/\/halkweb.com.tr\/de\/wp-json\/wp\/v2\/types\/post"}],"author":[{"embeddable":true,"href":"https:\/\/halkweb.com.tr\/de\/wp-json\/wp\/v2\/users\/4"}],"replies":[{"embeddable":true,"href":"https:\/\/halkweb.com.tr\/de\/wp-json\/wp\/v2\/comments?post=278978"}],"version-history":[{"count":2,"href":"https:\/\/halkweb.com.tr\/de\/wp-json\/wp\/v2\/posts\/278978\/revisions"}],"predecessor-version":[{"id":278981,"href":"https:\/\/halkweb.com.tr\/de\/wp-json\/wp\/v2\/posts\/278978\/revisions\/278981"}],"wp:featuredmedia":[{"embeddable":true,"href":"https:\/\/halkweb.com.tr\/de\/wp-json\/wp\/v2\/media\/278980"}],"wp:attachment":[{"href":"https:\/\/halkweb.com.tr\/de\/wp-json\/wp\/v2\/media?parent=278978"}],"wp:term":[{"taxonomy":"category","embeddable":true,"href":"https:\/\/halkweb.com.tr\/de\/wp-json\/wp\/v2\/categories?post=278978"},{"taxonomy":"post_tag","embeddable":true,"href":"https:\/\/halkweb.com.tr\/de\/wp-json\/wp\/v2\/tags?post=278978"}],"curies":[{"name":"wp","href":"https:\/\/api.w.org\/{rel}","templated":true}]}}