{"id":278961,"date":"2024-11-15T13:42:46","date_gmt":"2024-11-15T13:42:46","guid":{"rendered":"https:\/\/halkweb.com.tr\/?p=278961"},"modified":"2024-11-15T13:42:46","modified_gmt":"2024-11-15T13:42:46","slug":"funf-bruder-starben-im-feuer-und-er-rebellierte-auf-diese-weise-in-diesem-land-kann-man-auf-alles-verzichten","status":"publish","type":"post","link":"https:\/\/halkweb.com.tr\/de\/funf-bruder-starben-im-feuer-und-er-rebellierte-auf-diese-weise-in-diesem-land-kann-man-auf-alles-verzichten\/","title":{"rendered":"So rebellierte er gegen das Feuer, das 5 Br\u00fcder t\u00f6tete: Was geschieht in diesem Land, um zu resignieren?"},"content":{"rendered":"<p>Im Sel\u00e7uk-Bezirk von \u0130zmir starben f\u00fcnf Geschwister im Alter von 1 bis 5 Jahren bei einem Feuer, das in dem Haus ausbrach, in das ihre Mutter Melisa Akcan (27) ging, um das Geld f\u00fcr den Schrott zu holen, den sie verkauft hatte, nachdem sie die T\u00fcr abgeschlossen hatte.<\/p>\n<p>Die Leichen von Aras Bulut Akcan (1), Masal I\u015f\u0131k Akcan (2), Aslan Mira\u00e7 Akcan (3), Funda Peri Akcan (4) und Fadime Nefes Akcan (5) wurden in Anwesenheit ihrer aus dem Gef\u00e4ngnis beurlaubten V\u00e4ter feierlich beigesetzt.<\/p>\n<h3>\u2018Debatte \u2019Wer ist verantwortlich?<\/h3>\n<p>Der Zustand der H\u00fctte, in der die Br\u00fcder, die bei dem Brand ums Leben kamen, mit ihrer Mutter lebten, hat das Gewissen von Millionen Menschen verletzt.<\/p>\n<p>Nach der Beerdigung der f\u00fcnf Geschwister war ihr Vater auf dem Weg ins Gef\u00e4ngnis, und die Debatte \u00fcber die \u2018Verantwortung\u2019 zwischen Regierung und Opposition begann.<\/p>\n<p>Nach dem Vorfall reagierten die Oppositionsparteien auf die von der Regierung geschaffene Armut in der Gesellschaft und wiesen auf das Problem der gro\u00dfen Armut hin.<\/p>\n<p>Die stellvertretende Fraktionsvorsitzende der AK-Partei, \u00d6zlem Zengin, erkl\u00e4rte, das Ministerium f\u00fcr Familie und Sozialpolitik habe die Familie 18 Mal besucht, doch die Mutter habe sich geweigert, die Kinder in staatliche Obhut zu geben.<\/p>\n<p>Sie erkl\u00e4rte, das Problem sei nicht nur auf die Armut, sondern auch auf den Lebensstil der Mutter zur\u00fcckzuf\u00fchren, und gab dem CHP-Frauenvorsitzenden und der CHP-nahen Stadtverwaltung von Sel\u00e7uk die Schuld, die ihrer Meinung nach keinen Kindergarten in dem Viertel gebaut habe.<\/p>\n<p>Die B\u00fcrgermeisterin von Sel\u00e7uk, Filiz Cerito\u011flu Sengel, gab bekannt, dass die Gemeinde 3 Kinderg\u00e4rten in ihrem Bezirk gebaut hat.<\/p>\n<p>&nbsp;<\/p>\n<blockquote class=\"twitter-tweet\">\n<p dir=\"ltr\" lang=\"tr\">In diesem Land verbrannten 5 Kinder in einem h\u00fctten\u00e4hnlichen Haus, und nicht eine einzige Person trat zur\u00fcck. Sie sch\u00e4mten sich nicht einmal, zur\u00fcckzutreten, geschweige denn zur\u00fcckzutreten. Sie wetteiferten im Parlament um Worte <a href=\"https:\/\/t.co\/5uu2nyekC5\">pic.twitter.com\/5uu2nyekC5<\/a><\/p>\n<p>- Atakan Sonmez (@atakansmz) <a href=\"https:\/\/twitter.com\/atakansmz\/status\/1857409833093267584?ref_src=twsrc%5Etfw\" target=\"_blank\" rel=\"noopener\">15. November 2024<\/a><\/p><\/blockquote>\n<p><script async src=\"https:\/\/platform.twitter.com\/widgets.js\" charset=\"utf-8\"><\/script><\/p>\n<h3>\u201cWenn die Banden die Politik finanzieren...\u201d<\/h3>\n<p>Der Halkweb-Autor Atakan S\u00f6nmez reagierte in der Sendung \u2019D\u00fc\u015f\u00fcnme Vakti\u201c auf TV5 mit scharfen Worten auf die Ereignisse nach dem Brand, bei dem f\u00fcnf Geschwister ihr Leben verloren.<\/p>\n<p>S\u00f6nmez betonte, dass die Probleme der Menschen nicht mehr das vorrangige Problem der Politik in der T\u00fcrkei seien, weil die Politik die Probleme der gangsterisierten Gro\u00dfkapitalgruppen, die die Politik finanzieren, in den Vordergrund gestellt habe, und sagte: \u201cDie Pfeife der Frau, die ihre f\u00fcnf Kinder verloren hat, wird nicht ert\u00f6nen, egal wen man in dieses politische System bringt. Wenn Banden die Politik finanzieren, wenn das Gro\u00dfkapital die Politik finanziert, kann man die Debatten nur beobachten.\u201d.<\/p>\n<h3>\u201cSchande \u00fcber dich!\u201d<\/h3>\n<p>Atakan S\u00f6nmez, der die Diskussionen auf der politischen B\u00fchne nach dem Vorfall als \u201cbesch\u00e4mend\u201d bezeichnete, sagte: \u201cDie Adresse wurde 18 Mal besucht. Was passiert am Ende? 18 Mal wird diese Adresse aufgesucht, um zu sagen \u2018Gebt uns eure Kinder\u2019. Sch\u00e4mt euch! Welche Mutter - ganz gleich, in welcher Situation sie sich befindet - w\u00fcrde Ihnen sagen: \u2018Nehmt diese Kinder weg\u2019? Und du drehst dich um und gehst zur\u00fcck, weil sie dir die Kinder nicht gegeben hat. Haben Sie nicht die H\u00fctte gesehen, in der diese Mutter mit ihren 5 Kindern lebte? Sind Sie ein Sozialstaat, wenn Sie die Familie in dieser H\u00fctte zur\u00fccklassen und 2 Lebensmittelpakete und 3 - 5 Tausend Lira an Hilfe geben?\u201d, fragte er.<\/p>\n<h3>Was geschieht in diesem Land, das Sie zum R\u00fccktritt veranlasst?<\/h3>\n<p>Als Reaktion auf die Gef\u00fchllosigkeit der Verantwortlichen fuhr Atakan S\u00f6nmez in seiner Rede wie folgt fort<\/p>\n<p>\u201cWas w\u00fcrde Sie in diesem Land zum R\u00fccktritt bewegen? Babies werden get\u00f6tet. Keiner tritt zur\u00fcck! Es stellt sich heraus, dass sie f\u00fcr Geld get\u00f6tet wurden. Keiner tritt zur\u00fcck! Ein 17-j\u00e4hriger Junge wird auf der Stra\u00dfe brutal ermordet, niemand f\u00fchlt sich verantwortlich. 5 Kinder verbrennen bei lebendigem Leib, und wieder f\u00fchlt sich niemand verantwortlich. Jedes Jahr sterben Landarbeiter bei Unf\u00e4llen in Lastwagenkisten, auch hier f\u00fchlt sich niemand verantwortlich. Keiner hat ein Problem mit irgendetwas. Wir haben ein so seltsames politisches System. Wir betreiben keinen Populismus. Das ist das Hauptproblem der Politik. Wir reden immer noch dar\u00fcber, \u2018wie viel an welchen K\u00fcnstler gezahlt wurde\u2019.\u201d<\/p>","protected":false},"excerpt":{"rendered":"<p>\u0130zmir&#8217;in Sel\u00e7uk il\u00e7esinde anneleri Melisa Akcan&#8217;\u0131n (27) kap\u0131y\u0131 \u00fczerlerine kilitledikten sonra satt\u0131\u011f\u0131 hurdalar\u0131n paras\u0131n\u0131 almaya gitti\u011fi evde \u00e7\u0131kan yang\u0131nda ya\u015flar\u0131 1 ile 5 aras\u0131ndaki 5 karde\u015f hayat\u0131n\u0131 kaybetti. Aras Bulut Akcan (1), Masal I\u015f\u0131k Akcan (2), Aslan Mira\u00e7 Akcan (3), Funda Peri Akcan (4) ve Fadime Nefes Akcan (5) karde\u015flerin cenazeleri, cezaevinden izinli olarak getirilen [&hellip;]<\/p>\n","protected":false},"author":3,"featured_media":278962,"comment_status":"closed","ping_status":"closed","sticky":false,"template":"","format":"standard","meta":{"footnotes":""},"categories":[2],"tags":[],"class_list":{"0":"post-278961","1":"post","2":"type-post","3":"status-publish","4":"format-standard","5":"has-post-thumbnail","7":"category-gundem"},"_links":{"self":[{"href":"https:\/\/halkweb.com.tr\/de\/wp-json\/wp\/v2\/posts\/278961","targetHints":{"allow":["GET"]}}],"collection":[{"href":"https:\/\/halkweb.com.tr\/de\/wp-json\/wp\/v2\/posts"}],"about":[{"href":"https:\/\/halkweb.com.tr\/de\/wp-json\/wp\/v2\/types\/post"}],"author":[{"embeddable":true,"href":"https:\/\/halkweb.com.tr\/de\/wp-json\/wp\/v2\/users\/3"}],"replies":[{"embeddable":true,"href":"https:\/\/halkweb.com.tr\/de\/wp-json\/wp\/v2\/comments?post=278961"}],"version-history":[{"count":2,"href":"https:\/\/halkweb.com.tr\/de\/wp-json\/wp\/v2\/posts\/278961\/revisions"}],"predecessor-version":[{"id":278964,"href":"https:\/\/halkweb.com.tr\/de\/wp-json\/wp\/v2\/posts\/278961\/revisions\/278964"}],"wp:featuredmedia":[{"embeddable":true,"href":"https:\/\/halkweb.com.tr\/de\/wp-json\/wp\/v2\/media\/278962"}],"wp:attachment":[{"href":"https:\/\/halkweb.com.tr\/de\/wp-json\/wp\/v2\/media?parent=278961"}],"wp:term":[{"taxonomy":"category","embeddable":true,"href":"https:\/\/halkweb.com.tr\/de\/wp-json\/wp\/v2\/categories?post=278961"},{"taxonomy":"post_tag","embeddable":true,"href":"https:\/\/halkweb.com.tr\/de\/wp-json\/wp\/v2\/tags?post=278961"}],"curies":[{"name":"wp","href":"https:\/\/api.w.org\/{rel}","templated":true}]}}