{"id":278882,"date":"2024-11-11T18:14:24","date_gmt":"2024-11-11T18:14:24","guid":{"rendered":"https:\/\/halkweb.com.tr\/?p=278882"},"modified":"2024-11-11T18:38:15","modified_gmt":"2024-11-11T18:38:15","slug":"aktuelle-und-ehemalige-abgeordnete-reagieren-auf-die-erklarung-von-81-provinzialvorsitzenden-in-der-chp","status":"publish","type":"post","link":"https:\/\/halkweb.com.tr\/de\/aktuelle-und-ehemalige-abgeordnete-reagieren-auf-die-erklarung-von-81-provinzialvorsitzenden-in-der-chp\/","title":{"rendered":"Aktuelle und ehemalige CHP-Abgeordnete reagieren auf die Erkl\u00e4rung der 81 Provinzvorsitzenden"},"content":{"rendered":"<p>In der heute im Namen von 81 Provinzvorsitzenden der CHP verk\u00fcndeten Erkl\u00e4rung wurden die Forderungen nach einem Parteikonvent abgelehnt und Unterst\u00fctzung f\u00fcr den Vorsitzenden \u00d6zg\u00fcr \u00d6zel angek\u00fcndigt.<\/p>\n<p>Diese Erkl\u00e4rung wurde jedoch vom ersten Moment an zum Gegenstand von Polemik.<\/p>\n<p>Einige Kommentatoren erinnerten daran, dass mindestens die H\u00e4lfte der derzeitigen Provinzvorsitzenden auf dem letzten Kongress den siebten Pr\u00e4sidenten Kemal K\u0131l\u0131\u00e7daro\u011flu unterst\u00fctzte, und behaupteten, es sei nicht m\u00f6glich, dass fast alle von ihnen ein Jahr sp\u00e4ter eine solche Erkl\u00e4rung unterzeichnet h\u00e4tten.<\/p>\n<p>Dennoch teilten viele Provinzpr\u00e4sidenten diese Erkl\u00e4rung im Laufe des Tages auf ihren Konten in den sozialen Medien.<\/p>\n<h3><strong>Ad\u0131g\u00fczel: Ein Text, der auch das Versprechen seines Vorsitzenden negiert<\/strong><\/h3>\n<p>Es gab auch erste Reaktionen auf die Erkl\u00e4rung.<\/p>\n<p>Der CHP-Abgeordnete Mustafa Ad\u0131g\u00fczel reagierte auf die Erkl\u00e4rung auf seinem Twitter-Account.<\/p>\n<p>Die folgenden Worte in Ad\u0131g\u00fczels Erkl\u00e4rung erregten Aufmerksamkeit:<\/p>\n<p>\u201cDer letzte Absatz der Erkl\u00e4rung, die heute unter dem Pseudonym von 81 Provinzpr\u00e4sidenten ver\u00f6ffentlicht wurde, hat mich sehr ver\u00e4rgert. Es ist ein Text, der auch das Versprechen des Generalpr\u00e4sidenten negiert. Durch die h\u00e4ufige Hervorhebung der Atat\u00fcrk-Partei in dem Text wird versucht, demokratische Einw\u00e4nde gegen die Parteiverwaltung emotional einzuhegen. Dar\u00fcber hinaus wird unser Wahlerfolg vom 31. M\u00e4rz als Damm gegen alle Einw\u00e4nde gesetzt.\u201c<\/p>\n<h3><strong>\u201cEin totalistischer Ansatz, der dem Pluralismus in der Partei zuwiderl\u00e4uft\u201d.\u201d<\/strong><\/h3>\n<p>Ad\u0131g\u00fczels Erkl\u00e4rung implizierte auch, dass die Erkl\u00e4rung den Vorsitzenden der Provinzen mit Gewalt aufgezwungen wurde.<\/p>\n<p>\u201cAd\u0131g\u00fczel, der schrieb, dass man schweigen m\u00fcsse, \u201dum die Partei Atat\u00fcrks an die Macht zu bringen\u201d und 81 Provinzvorsitzende erzwang, zielt nicht auf einen nationalen Erfolg, sondern auf einen parteiinternen Erfolg und die St\u00e4rkung der Verwaltung ab, sagte in den folgenden Teilen seiner Erkl\u00e4rung: \u201cIm Ergebnis haben diejenigen, die versucht haben, mit dem Erfolg des 31. M\u00e4rz und den Umfragedaten jegliche Kritik zu verhindern, die als 81 Provinzvorsitzende pr\u00e4sentierte Erkl\u00e4rung als dritten Wellenbrecher vorgebracht. Dieses pauschale Vorgehen, das der Pluralit\u00e4t der Stimmen in der Partei zuwiderl\u00e4uft, richtet sich auch gegen unsere Landesvorsitzenden und Organisationshelfer, die sich f\u00fcr diese Organisation einsetzen und f\u00fcr die Herausbildung dieser demokratischen Kultur sorgen.\u201d.<\/p>\n<p>Schlie\u00dflich f\u00fcgte Ad\u0131g\u00fczel hinzu, dass seine Erkl\u00e4rung nicht im Namen einer Gruppe, sondern in seinem eigenen Namen abgegeben wurde.<\/p>\n<h3>\u201cIn Demokratien gibt es keine Einstimmigkeit\u201d<\/h3>\n<p>Auf die im Namen von 81 Provinzvorsitzenden abgegebene Erkl\u00e4rung reagierte auch die ehemalige CHP-Abgeordnete Gaye Usluer aus Eski\u015fehir.<\/p>\n<p>In der Erkl\u00e4rung von Usluer werden folgende Kritikpunkte angef\u00fchrt: \u201cEinstimmigkeit\u201d bedeutet nicht, dass alle zustimmen, sondern dass der Wille absolut ist und sich der Diskussion\/dem Streit verschlie\u00dft. In Demokratien gibt es keine Einstimmigkeit!\u201d.<\/p>\n<p>&nbsp;<\/p>\n<p>&nbsp;<\/p>","protected":false},"excerpt":{"rendered":"<p>Der CHP-Abgeordnete Mustafa Ad\u0131g\u00fczel aus Ordu und der ehemalige Abgeordnete Gaye Usluer aus Eski\u015fehir kritisierten die im Namen von 81 Provinzvorsitzenden abgegebene Erkl\u00e4rung<\/p>","protected":false},"author":4,"featured_media":278887,"comment_status":"closed","ping_status":"closed","sticky":false,"template":"","format":"standard","meta":{"footnotes":""},"categories":[2],"tags":[15,78],"class_list":{"0":"post-278882","1":"post","2":"type-post","3":"status-publish","4":"format-standard","5":"has-post-thumbnail","7":"category-gundem","8":"tag-chp","9":"tag-kemal-kilicdaroglu"},"_links":{"self":[{"href":"https:\/\/halkweb.com.tr\/de\/wp-json\/wp\/v2\/posts\/278882","targetHints":{"allow":["GET"]}}],"collection":[{"href":"https:\/\/halkweb.com.tr\/de\/wp-json\/wp\/v2\/posts"}],"about":[{"href":"https:\/\/halkweb.com.tr\/de\/wp-json\/wp\/v2\/types\/post"}],"author":[{"embeddable":true,"href":"https:\/\/halkweb.com.tr\/de\/wp-json\/wp\/v2\/users\/4"}],"replies":[{"embeddable":true,"href":"https:\/\/halkweb.com.tr\/de\/wp-json\/wp\/v2\/comments?post=278882"}],"version-history":[{"count":5,"href":"https:\/\/halkweb.com.tr\/de\/wp-json\/wp\/v2\/posts\/278882\/revisions"}],"predecessor-version":[{"id":278889,"href":"https:\/\/halkweb.com.tr\/de\/wp-json\/wp\/v2\/posts\/278882\/revisions\/278889"}],"wp:featuredmedia":[{"embeddable":true,"href":"https:\/\/halkweb.com.tr\/de\/wp-json\/wp\/v2\/media\/278887"}],"wp:attachment":[{"href":"https:\/\/halkweb.com.tr\/de\/wp-json\/wp\/v2\/media?parent=278882"}],"wp:term":[{"taxonomy":"category","embeddable":true,"href":"https:\/\/halkweb.com.tr\/de\/wp-json\/wp\/v2\/categories?post=278882"},{"taxonomy":"post_tag","embeddable":true,"href":"https:\/\/halkweb.com.tr\/de\/wp-json\/wp\/v2\/tags?post=278882"}],"curies":[{"name":"wp","href":"https:\/\/api.w.org\/{rel}","templated":true}]}}