{"id":278581,"date":"2024-11-06T13:43:43","date_gmt":"2024-11-06T13:43:43","guid":{"rendered":"https:\/\/halkweb.com.tr\/?p=278581"},"modified":"2024-11-07T22:03:51","modified_gmt":"2024-11-07T22:03:51","slug":"ozgur-ozel-abladan-sonra-abiyle-de-gerildi","status":"publish","type":"post","link":"https:\/\/halkweb.com.tr\/de\/ozgur-ozel-abladan-sonra-abiyle-de-gerildi\/","title":{"rendered":"\u00d6zg\u00fcr \u00d6zel hat sich mit \u2018Abi\u2018 nach 'Abla' verspannt!"},"content":{"rendered":"<p>Siyasette, partililerin sevdikleri liderlerine \u201cBaba\u201d, \u201cKarao\u011flan\u201d, \u201cReis\u201d, \u201cM\u00fccahit\u201d vb. gibi sevgi i\u00e7eren hitaplar kullanmalar\u0131 ola\u011fan. Ancak, siyasi rakipler ge\u00e7mi\u015ften beri birbirlerine genellikle resmi ve mesafeli ifadelerle hitap ederler. Son y\u0131llarda bu konuda bir esneme g\u00f6zlemleniyor.<\/p>\n<p>CHP Genel Ba\u015fkan\u0131 \u00d6zg\u00fcr \u00d6zel, ba\u015fkan se\u00e7ildikten sonra partisinin bir d\u00f6nem dayan\u0131\u015fma i\u00e7inde oldu\u011fu ancak son s\u00fcre\u00e7te tekrar rakip haline geldikleri \u0130Y\u0130 Parti\u2019nin eski ve yeni genel ba\u015fkan\u0131na y\u00f6nelik \u201cAbi\u201d ve \u201cAbla\u201d ifadelerini kulland\u0131. Ancak samimi ifadeler kullanmak, bazen her zaman samimiyeti de getirmiyor. Bu konudaki g\u00fcncel bir geli\u015fme, kayy\u0131m operasyonlar\u0131n\u0131n ard\u0131ndan ya\u015fand\u0131.<\/p>\n<h3>Dervi\u015fo\u011flu&#8217;ndan \u00d6zel&#8217;e Bak\u0131rhan tepkisi<\/h3>\n<p>DEM E\u015f Ba\u015fkan\u0131 Tuncer Bak\u0131rhan\u2019\u0131n \u00fc\u00e7 DEM\u2019li belediyeye kayy\u0131m atanmas\u0131n\u0131n ard\u0131ndan yapt\u0131\u011f\u0131 konu\u015fmas\u0131nda \u201c\u015eeyh Saitler, Seyit R\u0131zalar, Sakineler ne yapt\u0131ysa onlar\u0131n yapt\u0131klar\u0131n\u0131 yapaca\u011f\u0131z!\u201d demesi, kimi \u00e7evrelerce ele\u015ftiri konusu oldu. \u0130Y\u0130 Parti Genel Ba\u015fkan\u0131 M\u00fcsavat Dervi\u015fo\u011flu, grup toplant\u0131s\u0131nda yapt\u0131\u011f\u0131 a\u00e7\u0131klamada Bak\u0131rhan\u2019\u0131 ele\u015ftirerek, tepki \u00e7eken konu\u015fmas\u0131 s\u0131ras\u0131nda \u00d6zel\u2019in de orada oldu\u011funu \u00f6ne s\u00fcrd\u00fc ve \u201c\u0130hanet k\u00fcrs\u00fcs\u00fcn\u00fc susarak onayl\u0131yorsunuz\u201d dedi.<\/p>\n<h3>&#8220;Aram\u0131zda abi karde\u015f hukuku olan birisi&#8221;<\/h3>\n<p>Dervi\u015fo\u011flu\u2019nun bu iddias\u0131 \u00d6zel\u2019e de soruldu. \u00d6zel, \u00f6ncelikle konu\u015fman\u0131n yap\u0131ld\u0131\u011f\u0131 s\u0131rada orada olmad\u0131\u011f\u0131n\u0131 belirtti ve devam\u0131nda \u201cBeni tan\u0131yan, aram\u0131zda abi karde\u015f hukuku olan birisinin bu kadar yanl\u0131\u015f bir bilgiyi grup toplant\u0131s\u0131 marifetiyle yaymaya katk\u0131 sa\u011flamas\u0131 benim a\u00e7\u0131mdan \u00fcz\u00fcc\u00fc oldu. Yine de son s\u00f6z\u00fcm\u00fcz her zamanki gibi can\u0131 sa\u011f olsun\u201d dedi.<\/p>\n<h3>\u201cAbla\u201d dedi\u011fi Ak\u015fener&#8217;den de sert cevap alm\u0131\u015ft\u0131<\/h3>\n<p>\u00d6zel, Dervi\u015fo\u011flu\u2019nun selefi, yani bir \u00f6nceki lideri olan Meral Ak\u015fener\u2019e de \u201cAbla\u201d diye hitap etmi\u015f, ancak bu hitaba kar\u015f\u0131 sert bir cevap alm\u0131\u015ft\u0131. Ak\u015fener, ge\u00e7ti\u011fimiz 28 Mart g\u00fcn\u00fc parti mensuplar\u0131yla yapt\u0131\u011f\u0131 iftar program\u0131nda CHP\u2019ye y\u00f6nelik \u201cBana abla mabla demeyin, istemiyorum. \u00c7\u00fcnk\u00fc sizin bana v\u0131c\u0131k v\u0131c\u0131k riyakarl\u0131kla abla demeniz, beni samimiyetle ablas\u0131, karde\u015fi ve annesi g\u00f6ren milletimize yap\u0131lm\u0131\u015f koca bir hakarettir\u201d demi\u015fti.<br \/>\n\u00d6zel ise Ak\u015fener\u2019in bu s\u00f6zlerine cevaben \u201cSay\u0131n Genel Ba\u015fkan\u2019\u0131ma cevab\u0131m iki kelime: Can\u0131 sa\u011f olsun. Ablam benim. Eski dosttan d\u00fc\u015fman olmaz\u201d \u015feklinde yan\u0131t vermi\u015fti.<\/p>\n<h3>&#8220;Abi&#8221;, &#8220;Abla&#8221; diye seslenmesi garipsendi<\/h3>\n<p>\u00d6zel\u2019in Dervi\u015fo\u011flu ile aralar\u0131nda \u201cabi karde\u015f hukuku\u201d oldu\u011funu s\u00f6ylemesini de\u011ferlendiren gazeteci yazar Ak\u0131n Olgun, yapt\u0131\u011f\u0131 payla\u015f\u0131mda \u201cAna muhalefet liderinin, di\u011fer parti liderlerine &#8216;abi&#8217;, &#8216;abla&#8217; diye seslenmesi, konu\u015fmas\u0131 bana m\u0131 tuhaf geliyor? Olacak \u015fey mi siyaset adab\u0131 a\u00e7\u0131s\u0131ndan?\u201d diye sordu.<\/p>\n<h3>\u0130lk olarak \u0130mamo\u011flu, Ak\u015fener&#8217;e &#8220;Abla&#8221; dedi<\/h3>\n<p>S\u00f6z konusu payla\u015f\u0131m\u0131na dair ula\u015ft\u0131\u011f\u0131m\u0131z Olgun, yapt\u0131\u011f\u0131 de\u011ferlendirmede T\u00fcrkiye\u2019de siyaset akt\u00f6rlerine &#8220;abi&#8221;, &#8220;abla&#8221; sesleni\u015finin yeni bir durum oldu\u011funu belirterek, \u201cAsl\u0131nda, biz bununla yan\u0131lm\u0131yorsam ilk olarak \u0130mamo\u011flu&#8217;nun Ak\u015fener&#8217;e &#8216;abla&#8217; diyerek hitap etmesiyle tan\u0131\u015fm\u0131\u015ft\u0131k. Daha sonra bu seslenme halini \u00d6zel de g\u00f6rd\u00fck\u201d dedi ve \u015f\u00f6yle devam etti:<\/p>\n<h3>Siyaset dilinde &#8216;Erdo\u011fanla\u015fma&#8217;n\u0131n sonucu<\/h3>\n<p>\u201cCumhuriyet\u2019in siyaset adab\u0131n\u0131n, birbirine seslenme bi\u00e7iminin, Erdo\u011fan d\u00f6nemi ile ba\u015flayan &#8216;mahalle&#8217; diline d\u00f6n\u00fc\u015fmesi, asl\u0131na bakarsan\u0131z i\u00e7inden ge\u00e7ti\u011fimiz ve d\u00f6n\u00fc\u015fen rejimin de bir yans\u0131mas\u0131. Dilde Erdo\u011fanla\u015fma, onun temsil etti\u011fi siyasetin kendisine ne \u00f6l\u00e7\u00fcde benzedi\u011fini de i\u015faret ediyor. K\u00fclt\u00fcrel anlamda, Cumhuriyetin ayd\u0131nlanma yakla\u015f\u0131m\u0131n\u0131 benimsemi\u015f kesimlere musallat olan bu seslenme tarz\u0131 maalesef k\u00fclt\u00fcrel anlamda da Erdo\u011fan&#8217;\u0131n temsil etti\u011fi sosyolojinin bir zaferi olarak g\u00f6r\u00fclebilir.\u201d<\/p>\n<h3>\u201cSayg\u0131 \u00f6l\u00e7\u00fct\u00fc olmaktan \u00e7ok kar\u015f\u0131s\u0131ndakini hakim kabul eden hal&#8221;<\/h3>\n<p>&#8220;Abi, &#8220;Abla&#8221; sesleni\u015finin ayn\u0131 zamanda daha ba\u015ftan e\u015fitli\u011fi bozan bir hitabet bi\u00e7imi oldu\u011funa dikkat \u00e7eken Olgun, \u201cBir sayg\u0131 \u00f6l\u00e7\u00fct\u00fc olmas\u0131ndan \u00e7ok kar\u015f\u0131s\u0131ndakinin hakim oldu\u011funu ba\u015ftan kabul eden bir hal. \u0130nsan ili\u015fkisinde bu sesleni\u015fin elbette bir kar\u015f\u0131l\u0131\u011f\u0131 var ama siyasette bunun yerle\u015fmesi, siyaset bilimi a\u00e7\u0131s\u0131ndan da abs\u00fcrt bence\u201d diyerek s\u00f6zlerini tamamlad\u0131.<\/p>","protected":false},"excerpt":{"rendered":"<p>\u201cAbla\u201d dedi\u011fi Meral Ak\u015fener\u2019den \u201cBana abla mabla demeyin\u201d cevab\u0131 alan \u00d6zg\u00fcr \u00d6zel, \u015fimdi de \u201cAbi\u201d dedi\u011fi M\u00fcsavat Dervi\u015fo\u011flu ile gerildi.<\/p>","protected":false},"author":4,"featured_media":278591,"comment_status":"closed","ping_status":"closed","sticky":false,"template":"","format":"standard","meta":{"footnotes":""},"categories":[285],"tags":[15,78],"class_list":{"0":"post-278581","1":"post","2":"type-post","3":"status-publish","4":"format-standard","5":"has-post-thumbnail","7":"category-politika","8":"tag-chp","9":"tag-kemal-kilicdaroglu"},"_links":{"self":[{"href":"https:\/\/halkweb.com.tr\/de\/wp-json\/wp\/v2\/posts\/278581","targetHints":{"allow":["GET"]}}],"collection":[{"href":"https:\/\/halkweb.com.tr\/de\/wp-json\/wp\/v2\/posts"}],"about":[{"href":"https:\/\/halkweb.com.tr\/de\/wp-json\/wp\/v2\/types\/post"}],"author":[{"embeddable":true,"href":"https:\/\/halkweb.com.tr\/de\/wp-json\/wp\/v2\/users\/4"}],"replies":[{"embeddable":true,"href":"https:\/\/halkweb.com.tr\/de\/wp-json\/wp\/v2\/comments?post=278581"}],"version-history":[{"count":1,"href":"https:\/\/halkweb.com.tr\/de\/wp-json\/wp\/v2\/posts\/278581\/revisions"}],"predecessor-version":[{"id":278731,"href":"https:\/\/halkweb.com.tr\/de\/wp-json\/wp\/v2\/posts\/278581\/revisions\/278731"}],"wp:featuredmedia":[{"embeddable":true,"href":"https:\/\/halkweb.com.tr\/de\/wp-json\/wp\/v2\/media\/278591"}],"wp:attachment":[{"href":"https:\/\/halkweb.com.tr\/de\/wp-json\/wp\/v2\/media?parent=278581"}],"wp:term":[{"taxonomy":"category","embeddable":true,"href":"https:\/\/halkweb.com.tr\/de\/wp-json\/wp\/v2\/categories?post=278581"},{"taxonomy":"post_tag","embeddable":true,"href":"https:\/\/halkweb.com.tr\/de\/wp-json\/wp\/v2\/tags?post=278581"}],"curies":[{"name":"wp","href":"https:\/\/api.w.org\/{rel}","templated":true}]}}