{"id":277418,"date":"2023-11-17T13:25:53","date_gmt":"2023-11-17T10:25:53","guid":{"rendered":"https:\/\/halkweb.com.tr\/?p=277418"},"modified":"2024-11-07T22:04:01","modified_gmt":"2024-11-07T22:04:01","slug":"ich-appelliere-an-die-ernannten-minister-es-ernst-zu-nehmen","status":"publish","type":"post","link":"https:\/\/halkweb.com.tr\/de\/ich-appelliere-an-die-ernannten-minister-es-ernst-zu-nehmen\/","title":{"rendered":"\u2018Ich fordere die ernannten Minister auf, ernst zu machen!\u2019"},"content":{"rendered":"<p>Minister antworten oft nicht auf parlamentarische Anfragen von Abgeordneten der Opposition, w\u00e4hrend die Nachl\u00e4ssigkeit in den Antworten Reaktionen hervorruft.<\/p>\n<p>Der stellvertretende CHP-Vorsitzende G\u00f6kan Zeybek brachte die exorbitanten Fahrpreiserh\u00f6hungen f\u00fcr Hochgeschwindigkeitsz\u00fcge mit einer parlamentarischen Anfrage auf die Tagesordnung der Gro\u00dfen Nationalversammlung der T\u00fcrkei, doch die Antwort, die er auf seine parlamentarische Anfrage erhielt, offenbarte einmal mehr den Mangel an Ernsthaftigkeit und Verdiensten der AKP-Kader, die die T\u00fcrkei regieren wollen.<\/p>\n<p>Abdulkadir Uralo\u011flu, Minister f\u00fcr Verkehr und Infrastruktur, antwortete auf die Frage des CHP-Abgeordneten Zeybek nach den exorbitanten Fahrpreiserh\u00f6hungen f\u00fcr Hochgeschwindigkeitsz\u00fcge und Unf\u00e4llen: \u201cDie Nachfrage unserer Bev\u00f6lkerung nach Hochgeschwindigkeitsz\u00fcgen ist sehr hoch, da sie schnell, p\u00fcnktlich und zuverl\u00e4ssig sind.<\/p>\n<p>In seiner parlamentarischen Anfrage erinnerte der CHP-Abgeordnete Zeybek daran, dass in den ersten 9 Monaten des Jahres - zwischen Januar und September - die Fahrkarten f\u00fcr Ankara-Istanbul um 100 Prozent, die Fahrkarten f\u00fcr Ankara-Konya um 37 Prozent, die Fahrkarten f\u00fcr Ankara-Eski\u015fehir um 65 Prozent, die Fahrkarten f\u00fcr Ankara-Sivas um 50 Prozent, die Fahrkarten f\u00fcr \u0130zmit-Konya um 58 Prozent und die Fahrkarte f\u00fcr Studenten f\u00fcr Ankara-Istanbul von 274,55 TL auf 365,5 TL erh\u00f6ht wurden und stellte folgende Fragen:<\/p>\n<p>1- Wie ist die Erh\u00f6hung der Fahrpreise zu begr\u00fcnden?<\/p>\n<p>2- Wie hoch ist der Anteil der Abschreibungen, Personal- und Energiekosten an den Kosten der Leistungserbringung im Jahr 2023?<\/p>\n<p>3- Wie wird der Eisenbahnverkehr, der das billigste und von den B\u00fcrgern bevorzugte Verkehrsmittel ist und sogar w\u00e4hrend der Pandemiezeit das zuverl\u00e4ssigste ist, diese Eigenschaften wiedererlangen?<\/p>\n<p><img loading=\"lazy\" decoding=\"async\" class=\"alignnone size-full wp-image-277419\" src=\"https:\/\/halkweb.com.tr\/wp-content\/uploads\/2023\/11\/cevap.jpg\" alt=\"\" width=\"596\" height=\"263\" srcset=\"https:\/\/halkweb.com.tr\/wp-content\/uploads\/2023\/11\/cevap.jpg 596w, https:\/\/halkweb.com.tr\/wp-content\/uploads\/2023\/11\/cevap-300x132.jpg 300w\" sizes=\"auto, (max-width: 596px) 100vw, 596px\" \/><\/p>\n<p><strong>Antwort des Ministeriums in 2 S\u00e4tzen<\/strong><\/p>\n<p>Der Minister f\u00fcr Verkehr und Infrastruktur, Abdulkadir Uralo\u011flu, gab statt einer ausf\u00fchrlichen Antwort auf die Fragen des CHP-Abgeordneten Zeybek eine Zwei-Satz-Antwort, die in keinem Zusammenhang mit den Fragen stand.<\/p>\n<p>Yan\u0131tta,\u00a0&#8220;Y\u00fcksek H\u0131zl\u0131 Trenlere h\u0131zl\u0131, dakik ve g\u00fcvenilir olmas\u0131 bak\u0131m\u0131ndan halk\u0131m\u0131z\u0131n talebi olduk\u00e7a y\u00fcksektir. Doluluk oran\u0131 %90&#8217;lar\u0131 a\u015fan Y\u00fcksek H\u0131zl\u0131 Trenler ile Ankara, Eski\u015fehir, Bilecik, Sakarya, \u0130zmit, \u0130stanbul, Konya, Karaman, Sivas, K\u0131r\u0131kkale, Yozgat illerimiz en h\u0131zl\u0131 \u015fekilde birbirine ba\u011flanmaktad\u0131r.&#8221; ifadelerine yer verildi.<\/p>\n<p><img loading=\"lazy\" decoding=\"async\" class=\"alignnone size-medium wp-image-277420\" src=\"https:\/\/halkweb.com.tr\/wp-content\/uploads\/2023\/11\/zeybek.jpeg\" alt=\"\" width=\"1024\" height=\"681\" srcset=\"https:\/\/halkweb.com.tr\/wp-content\/uploads\/2023\/11\/zeybek.jpeg 1024w, https:\/\/halkweb.com.tr\/wp-content\/uploads\/2023\/11\/zeybek-768x511.jpeg 768w, https:\/\/halkweb.com.tr\/wp-content\/uploads\/2023\/11\/zeybek-300x200.jpeg 300w, https:\/\/halkweb.com.tr\/wp-content\/uploads\/2023\/11\/zeybek-696x463.jpeg 696w\" sizes=\"auto, (max-width: 1024px) 100vw, 1024px\" \/><\/p>\n<p><strong>Zeybek: Ich lade zur Ernsthaftigkeit ein<\/strong><\/p>\n<p>Der stellvertretende CHP-Vorsitzende G\u00f6kan Zeybek reagierte auf die zweis\u00e4tzige Antwort von Minister Uralo\u011flu mit den folgenden Worten:<\/p>\n<p>\u201cDieser Mangel an Ernsthaftigkeit zeigt uns, dass die Exekutive ihre Pflicht gegen\u00fcber der Legislative absichtlich und vors\u00e4tzlich nicht erf\u00fcllt und die Kontrollt\u00e4tigkeit des Parlaments eindeutig behindert.<\/p>\n<p>Die ernannten Minister verh\u00f6hnen unser Volk, indem sie die Fragen der vom Volk gew\u00e4hlten Abgeordneten ignorieren oder Antworten geben, die alles andere als seri\u00f6s sind. Die Behinderung von Pr\u00fcfungsaktivit\u00e4ten verhindert, dass die \u00d6ffentlichkeit informiert wird.<\/p>\n<p>Ich sage es noch einmal... Ich fordere die ernannten Minister auf, ernsthaft zu sein. Wenn sie Schwierigkeiten haben, ihre Pflichten zu erf\u00fcllen, empfehle ich ihnen, ihre Sitze zu r\u00e4umen.\u201d<\/p>","protected":false},"excerpt":{"rendered":"<p>Bakanlar\u0131n muhalefet milletvekillerinden gelen soru \u00f6nergelerine \u00e7o\u011fu zaman yan\u0131t vermezken verilen yan\u0131tlardaki \u00f6zensizlik ise tepki \u00e7ekiyor. CHP Genel Ba\u015fkan Yard\u0131mc\u0131s\u0131 G\u00f6kan Zeybek, Y\u00fcksek H\u0131zl\u0131 Tren bilet \u00fccretlerine yap\u0131lan fahi\u015f zamlar\u0131 bir soru \u00f6nergesi ile TBMM g\u00fcndemine ta\u015f\u0131d\u0131 ancak soru \u00f6nergesine ald\u0131\u011f\u0131 cevap T\u00fcrkiye&#8217;yi y\u00f6netmeye talip olan AKP kadrolar\u0131ndaki ciddiyetsizli\u011fi ve liyakatsizli\u011fi bir kez daha g\u00f6zler [&hellip;]<\/p>\n","protected":false},"author":3,"featured_media":277909,"comment_status":"closed","ping_status":"closed","sticky":false,"template":"","format":"standard","meta":{"footnotes":""},"categories":[2],"tags":[],"class_list":{"0":"post-277418","1":"post","2":"type-post","3":"status-publish","4":"format-standard","5":"has-post-thumbnail","7":"category-gundem"},"_links":{"self":[{"href":"https:\/\/halkweb.com.tr\/de\/wp-json\/wp\/v2\/posts\/277418","targetHints":{"allow":["GET"]}}],"collection":[{"href":"https:\/\/halkweb.com.tr\/de\/wp-json\/wp\/v2\/posts"}],"about":[{"href":"https:\/\/halkweb.com.tr\/de\/wp-json\/wp\/v2\/types\/post"}],"author":[{"embeddable":true,"href":"https:\/\/halkweb.com.tr\/de\/wp-json\/wp\/v2\/users\/3"}],"replies":[{"embeddable":true,"href":"https:\/\/halkweb.com.tr\/de\/wp-json\/wp\/v2\/comments?post=277418"}],"version-history":[{"count":1,"href":"https:\/\/halkweb.com.tr\/de\/wp-json\/wp\/v2\/posts\/277418\/revisions"}],"predecessor-version":[{"id":278743,"href":"https:\/\/halkweb.com.tr\/de\/wp-json\/wp\/v2\/posts\/277418\/revisions\/278743"}],"wp:featuredmedia":[{"embeddable":true,"href":"https:\/\/halkweb.com.tr\/de\/wp-json\/wp\/v2\/media\/277909"}],"wp:attachment":[{"href":"https:\/\/halkweb.com.tr\/de\/wp-json\/wp\/v2\/media?parent=277418"}],"wp:term":[{"taxonomy":"category","embeddable":true,"href":"https:\/\/halkweb.com.tr\/de\/wp-json\/wp\/v2\/categories?post=277418"},{"taxonomy":"post_tag","embeddable":true,"href":"https:\/\/halkweb.com.tr\/de\/wp-json\/wp\/v2\/tags?post=277418"}],"curies":[{"name":"wp","href":"https:\/\/api.w.org\/{rel}","templated":true}]}}