{"id":277144,"date":"2023-10-23T14:52:39","date_gmt":"2023-10-23T11:52:39","guid":{"rendered":"https:\/\/halkweb.com.tr\/?p=277144"},"modified":"2023-10-23T14:52:39","modified_gmt":"2023-10-23T11:52:39","slug":"nurgul-yesilcay-genclige-hitabeyi-okudu-hatirlatmak-istedim","status":"publish","type":"post","link":"https:\/\/halkweb.com.tr\/de\/nurgul-yesilcay-genclige-hitabeyi-okudu-hatirlatmak-istedim\/","title":{"rendered":"Nurg\u00fcl Ye\u015fil\u00e7ay verlas die Ansprache an die Jugend: Ich wollte euch daran erinnern!"},"content":{"rendered":"<p>Nurg\u00fcl Ye\u015fil\u00e7ay, Cumhuriyet&#8217;in 100. y\u0131l\u0131n\u0131 videolu \u015fekilde &#8220;Gen\u00e7li\u011fe Hitabe&#8221;yi okuyarak kutlad\u0131.<\/p>\n<p>&nbsp;<\/p>\n<blockquote class=\"twitter-tweet\">\n<p dir=\"ltr\" lang=\"tr\">Atat\u00fcrk\u2019\u00fcn Gen\u00e7li\u011fe Hitabesini okuyan Nurg\u00fcl Ye\u015fil\u00e7ay:<\/p>\n<p>&#8220;Zaman zaman tekrar tekrar bakmak laz\u0131m&#8221; <a href=\"https:\/\/t.co\/KzqnjSh90m\">pic.twitter.com\/KzqnjSh90m<\/a><\/p>\n<p>\u2014 Whisper (@whisperhaber) <a href=\"https:\/\/twitter.com\/whisperhaber\/status\/1716375761664237690?ref_src=twsrc%5Etfw\" target=\"_blank\" rel=\"noopener\">23. Oktober 2023<\/a><\/p><\/blockquote>\n<p><script async src=\"https:\/\/platform.twitter.com\/widgets.js\" charset=\"utf-8\"><\/script><\/p>\n<p>Ye\u015fil\u00e7ay, hitabeyi okudu\u011fu videoyu sosyal medya hesab\u0131ndan,\u00a0&#8220;ATAMIZIN GEN\u00c7L\u0130\u011eE H\u0130TABES\u0130N\u0130 tekrar hat\u0131rlatmak istedim. Sadece gen\u00e7lere de\u011fil HEP\u0130M\u0130ZE \u00e7ok g\u00fc\u00e7l\u00fc bir sesleni\u015f \u00e7\u00fcnk\u00fc. G\u00dcN\u00dcM\u00dcZ T\u00dcRK\u00c7ES\u0130 ile anlam\u0131n\u0131 da alt yaz\u0131 olarak ekledim. Ne s\u00f6ylenmek istedi\u011fini tam olarak anlayal\u0131m. Zaman zaman tekrar tekrar bakmak laz\u0131m.&#8221; notuyla payla\u015ft\u0131.<\/p>\n<p>TRT&#8217;nin \u0130srail ile Filistin aras\u0131ndaki \u00e7at\u0131\u015fma nedeniyle 29 Ekim kutlamalar\u0131n\u0131 iptal etmesinin ard\u0131ndan Ye\u015fil\u00e7ay&#8217;\u0131n \u00e7ekti\u011fi bu video sosyal medyada b\u00fcy\u00fck ilgi ve be\u011feni ile kar\u015f\u0131land\u0131.<\/p>\n<p><img loading=\"lazy\" decoding=\"async\" class=\"alignnone size-full wp-image-277145\" src=\"https:\/\/halkweb.com.tr\/wp-content\/uploads\/2023\/10\/odatv-image-79-5a351dff9be742.jpg\" alt=\"\" width=\"1280\" height=\"720\" srcset=\"https:\/\/halkweb.com.tr\/wp-content\/uploads\/2023\/10\/odatv-image-79-5a351dff9be742.jpg 1280w, https:\/\/halkweb.com.tr\/wp-content\/uploads\/2023\/10\/odatv-image-79-5a351dff9be742-768x432.jpg 768w, https:\/\/halkweb.com.tr\/wp-content\/uploads\/2023\/10\/odatv-image-79-5a351dff9be742-300x169.jpg 300w, https:\/\/halkweb.com.tr\/wp-content\/uploads\/2023\/10\/odatv-image-79-5a351dff9be742-696x392.jpg 696w, https:\/\/halkweb.com.tr\/wp-content\/uploads\/2023\/10\/odatv-image-79-5a351dff9be742-1068x601.jpg 1068w\" sizes=\"auto, (max-width: 1280px) 100vw, 1280px\" \/>\u00a0<strong>Nurg\u00fcl Ya\u015fil\u00e7ay kimdir?<\/strong><\/p>\n<p>26 Mart 1976&#8217;da Afyon&#8217;da do\u011fdu.<\/p>\n<p>Ortaokul ve lise e\u011fitimini \u0130zmir&#8217;de tamamlad\u0131. 2001&#8217;de Eski\u015fehir Anadolu \u00dcniversitesi Tiyatro b\u00f6l\u00fcm\u00fcnden mezun oldu.<\/p>\n<p>\u00dcniversite e\u011fitimi s\u0131ras\u0131nda rol ald\u0131\u011f\u0131 \u0130kinci Bahar dizisindeki G\u00fcls\u00fcm rol\u00fc ile tan\u0131nd\u0131.<\/p>\n<p>2002 y\u0131l\u0131nda \u00c7a\u011fan Irmak&#8217;\u0131n y\u00f6netmenli\u011fini yapt\u0131\u011f\u0131 Asmal\u0131 Konak adl\u0131 TV dizisinde Bahar Karada\u011f rol\u00fcyle \u00fcn\u00fcn\u00fc art\u0131rd\u0131.<\/p>\n<p>Ayn\u0131 y\u0131l Teoman&#8217;la beraber Mumya Firarda filminde oynad\u0131.<\/p>\n<p>2003 y\u0131l\u0131nda Abdullah O\u011fuz&#8217;un y\u00f6netti\u011fi Asmal\u0131 Konak dizisinin devam filmi olan Asmal\u0131 Konak-Hayatta \u00d6zcan Deniz&#8217;le ba\u015frol\u00fc payla\u015ft\u0131.<\/p>\n<p>Y\u00f6netmenli\u011fini At\u0131f Y\u0131lmaz&#8217;\u0131n yapt\u0131\u011f\u0131 E\u011freti Gelin filmindeki Kostak Emine rol\u00fc ile 2005 12. Adana Alt\u0131n Koza Film Festivali&#8217;nde &#8220;En \u0130yi Kad\u0131n Oyuncu&#8221; \u00f6d\u00fcl\u00fcn\u00fc ald\u0131.<\/p>\n<p>Ayn\u0131 y\u0131l Hande Ataizi ile Melekler Adas\u0131 dizisinde rol ald\u0131.<\/p>\n<p>Ayn\u0131 dizide rol alan Cem \u00d6zer ile 26 Ekim 2004&#8217;te evlendi.<\/p>\n<p>Hamileli\u011finin son ay\u0131nda Melekler Adas\u0131 dizisinden ayr\u0131ld\u0131.<\/p>\n<p>22 May\u0131s 2005&#8217;te o\u011flu Osman Nejat&#8217;\u0131 d\u00fcnyaya getirdi. 24 aral\u0131k 2010 da Cem \u00d6zer&#8217;den bo\u015fand\u0131.<\/p>\n<p>Yine 2004&#8217;te be\u015f y\u00f6netmenin y\u00f6netti\u011fi Anlat \u0130stanbul filminde Saliha karakterini canland\u0131rd\u0131.<\/p>\n<p>2005-2006 sezonunda ATV&#8217;de yay\u0131mlanan Belal\u0131 Bald\u0131z dizisinde Berna La\u00e7in ve Kenan I\u015f\u0131k&#8217;la ba\u015frol\u00fc payla\u015ft\u0131.<\/p>\n<p>2006 da Cem \u00d6zer&#8217;le &#8220;Sen Olmasayd\u0131n&#8221; adl\u0131 tiyatro oyununda rol ald\u0131.<\/p>\n<p>2006 y\u0131l\u0131 Eyl\u00fcl ay\u0131nda Fatih Ak\u0131n&#8217;\u0131n senaryosunu yazd\u0131\u011f\u0131 ,y\u00f6netti\u011fi ve yap\u0131mc\u0131l\u0131\u011f\u0131n\u0131 \u00fcstlendi\u011fi Ya\u015fam\u0131n K\u0131y\u0131s\u0131nda isimli filmin \u00e7ekimlerine ba\u015flad\u0131.<\/p>\n<p>Ayten \u00d6zt\u00fcrk adl\u0131 t\u00fcrk k\u0131z\u0131n\u0131 b\u00fcy\u00fck ba\u015far\u0131yla canland\u0131rd\u0131\u011f\u0131 film 2007&#8217;de 60. Cannes Film Festivali&#8217;nde Alt\u0131n Palmiye i\u00e7in yar\u0131\u015fmaya hak kazand\u0131\u011f\u0131 ard\u0131ndan &#8220;En iyi Senaryo&#8221; \u00f6d\u00fcl\u00fcn\u00fc kazand\u0131\u011f\u0131 a\u00e7\u0131kland\u0131.<\/p>\n<p>2007&#8217;de Ezo Gelin adl\u0131 tv dizisinde Ezo Gelin&#8217;i canland\u0131rd\u0131.<\/p>\n<p>Ortado\u011fu&#8217;nun en \u00f6nemli film festivallerinden biri olarak kabul edilen 31. Uluslararas\u0131 Kahire Film Festivali&#8217;nde ba\u015fkanl\u0131\u011f\u0131n\u0131 \u00fcnl\u00fc \u0130ngiliz y\u00f6netmen Nicolas Roeg&#8217;in yapt\u0131\u011f\u0131 ana j\u00fcride yer ald\u0131.<\/p>\n<p>2007&#8217;da Bar\u0131\u015f Pirhasan&#8217;\u0131n y\u00f6netmenli\u011fini yapt\u0131\u011f\u0131 Adem&#8217;in Trenleri filminde Hacer rol\u00fcnde kusursuz bir performans sergiledi. Bu filmdeki oyunuyla 13.Sadri Al\u0131\u015f\u0131k Oyuncu \u00d6d\u00fclleri&#8217;nde &#8220;En \u0130yi Kad\u0131n Oyuncu&#8221; \u00f6d\u00fcl\u00fcn\u00fc kazand\u0131.<\/p>\n<p>Ayr\u0131ca \u00c7a\u011fda\u015f Sinema Oyuncular\u0131 Derne\u011fi (\u00c7ASOD) Geleneksel 15. Oyuncu \u00d6d\u00fclleri &#8220;En \u0130yi Kad\u0131n Oyuncu&#8221; \u00d6d\u00fcl\u00fc\u2019n\u00fc iki ayr\u0131 filmde, birbirinden \u00e7ok farkl\u0131 iki rolde birden etkili olmay\u0131 ve do\u011fal kalmay\u0131 ba\u015farmas\u0131 nedeniyle Ya\u015fam\u0131n K\u0131y\u0131s\u0131nda ve Adem\u2019in Trenleri&#8217;nin oyuncusu Nurg\u00fcl Ye\u015fil\u00e7ay kazand\u0131.<\/p>\n<p>5-20 Nisan 2008 de 27.si d\u00fczenlenen Uluslararas\u0131 \u0130stanbul Film Festivali&#8217;nde Semin Kaplano\u011flu&#8217;nun j\u00fcri ba\u015fkanl\u0131\u011f\u0131n\u0131 yapt\u0131\u011f\u0131 ulusal yar\u0131\u015fma j\u00fcrisinde yer ald\u0131.<\/p>\n<p>26 May\u0131s 2008&#8217;de \u00e7ekimlerine ba\u015flanan Alt\u0131n Ay\u0131&#8217;l\u0131 y\u00f6netmenimiz Erden K\u0131ral&#8217;\u0131n Vicdan adl\u0131 filminde Aydanur isimli fabrika i\u015f\u00e7isi, pavyonda \u00e7al\u0131\u015fan kad\u0131n ve t\u00fcrban takan kad\u0131n gibi farkl\u0131 bir rolde oynad\u0131. buradaki rol\u00fc ile 45. Antalya Alt\u0131n Portakal Film Festivali&#8217;nde &#8220;En \u0130yi Kad\u0131n Oyuncu&#8221; \u00d6d\u00fcl\u00fcne lay\u0131k g\u00f6r\u00fcld\u00fc.<\/p>\n<p><img loading=\"lazy\" decoding=\"async\" class=\"alignnone size-medium wp-image-277146\" src=\"https:\/\/halkweb.com.tr\/wp-content\/uploads\/2023\/10\/nurgul-yesilcay-kimdir-image-bf278004-84cc-45d9-b15f-d21daec5a922.webp\" alt=\"\" width=\"700\" height=\"932\" srcset=\"https:\/\/halkweb.com.tr\/wp-content\/uploads\/2023\/10\/nurgul-yesilcay-kimdir-image-bf278004-84cc-45d9-b15f-d21daec5a922.webp 700w, https:\/\/halkweb.com.tr\/wp-content\/uploads\/2023\/10\/nurgul-yesilcay-kimdir-image-bf278004-84cc-45d9-b15f-d21daec5a922-300x399.webp 300w, https:\/\/halkweb.com.tr\/wp-content\/uploads\/2023\/10\/nurgul-yesilcay-kimdir-image-bf278004-84cc-45d9-b15f-d21daec5a922-696x927.webp 696w\" sizes=\"auto, (max-width: 700px) 100vw, 700px\" \/><\/p>\n<p>Ocak 2010&#8217;da yay\u0131na ba\u015flayan &#8220;A\u015fk Ve Ceza&#8221; isimli dizide Murat Y\u0131ld\u0131r\u0131m ile ba\u015frol\u00fc payla\u015ft\u0131.<\/p>\n<p>2011&#8217;de Show TV&#8217;de yay\u0131nlanan \u201cSensiz Olmaz&#8221; adl\u0131 dizinin ba\u015frol\u00fcnde yer ald\u0131.<\/p>\n<p>2014 y\u0131l\u0131nda ba\u015frollerini Erkan Petekkaya ile payla\u015ft\u0131\u011f\u0131 &#8220;Parampar\u00e7a&#8221; adl\u0131 dizide Nursel K\u00f6se, Ebru \u00d6zkan, Cemal H\u00fcnal ile birlikte oynad\u0131.<\/p>\n<p><strong>Rol ald\u0131\u011f\u0131 tiyatro oyunlar\u0131<\/strong><\/p>\n<p>Sen Olmasayd\u0131n<br \/>\nA\u015fk Gibi<\/p>\n<p><strong>Filmografisi<\/strong><\/p>\n<p>Vicdan (2008) &#8211; Aydanur<br \/>\nAdem&#8217;in Trenleri (2007) &#8211; Hacer<br \/>\nYa\u015fam\u0131n K\u0131y\u0131s\u0131nda (2007) &#8211; Ayten \u00d6zt\u00fcrk<br \/>\nEzo Gelin (2006) &#8211; Ezo G\u00fcndo\u011fdu<br \/>\nBelal\u0131 Bald\u0131z (2005) &#8211; Arzu Parlak<br \/>\nAnlat \u0130stanbul (2004) &#8211; Uyuyan G\u00fczel Saliha<br \/>\nE\u011freti Gelin (2004) &#8211; Kostak Emine<br \/>\nMelekler Adas\u0131 (2004) &#8211; \u015eerbet\/Ay\u015fe<br \/>\nAsmal\u0131 Konak &#8211; Hayat (2003) &#8211; Bahar Karada\u011f<br \/>\nMumya Firarda (2002) &#8211; Fat\u0131ma<br \/>\nAsmal\u0131 Konak (2002) &#8211; Bahar Karada\u011f<br \/>\n90-60-90 (2001) &#8211; Deniz<br \/>\n\u015eellale (2001) &#8211; Nergis<br \/>\nHer\u015fey \u00c7ok G\u00fczel Olacak (1998) &#8211; Hem\u015fire<br \/>\n\u0130kinci Bahar (1998) &#8211; G\u00fcls\u00fcm Percons Meri\u00e7<\/p>","protected":false},"excerpt":{"rendered":"<p>Nurg\u00fcl Ye\u015fil\u00e7ay, Cumhuriyet&#8217;in 100. y\u0131l\u0131n\u0131 videolu \u015fekilde &#8220;Gen\u00e7li\u011fe Hitabe&#8221;yi okuyarak kutlad\u0131. &nbsp; Atat\u00fcrk\u2019\u00fcn Gen\u00e7li\u011fe Hitabesini okuyan Nurg\u00fcl Ye\u015fil\u00e7ay: &#8220;Zaman zaman tekrar tekrar bakmak laz\u0131m&#8221; pic.twitter.com\/KzqnjSh90m \u2014 Whisper (@whisperhaber) October 23, 2023 Ye\u015fil\u00e7ay, hitabeyi okudu\u011fu videoyu sosyal medya hesab\u0131ndan,\u00a0&#8220;ATAMIZIN GEN\u00c7L\u0130\u011eE H\u0130TABES\u0130N\u0130 tekrar hat\u0131rlatmak istedim. Sadece gen\u00e7lere de\u011fil HEP\u0130M\u0130ZE \u00e7ok g\u00fc\u00e7l\u00fc bir sesleni\u015f \u00e7\u00fcnk\u00fc. G\u00dcN\u00dcM\u00dcZ T\u00dcRK\u00c7ES\u0130 ile [&hellip;]<\/p>\n","protected":false},"author":3,"featured_media":277909,"comment_status":"closed","ping_status":"closed","sticky":false,"template":"","format":"standard","meta":{"footnotes":""},"categories":[6],"tags":[],"class_list":{"0":"post-277144","1":"post","2":"type-post","3":"status-publish","4":"format-standard","5":"has-post-thumbnail","7":"category-kultur-sanat"},"_links":{"self":[{"href":"https:\/\/halkweb.com.tr\/de\/wp-json\/wp\/v2\/posts\/277144","targetHints":{"allow":["GET"]}}],"collection":[{"href":"https:\/\/halkweb.com.tr\/de\/wp-json\/wp\/v2\/posts"}],"about":[{"href":"https:\/\/halkweb.com.tr\/de\/wp-json\/wp\/v2\/types\/post"}],"author":[{"embeddable":true,"href":"https:\/\/halkweb.com.tr\/de\/wp-json\/wp\/v2\/users\/3"}],"replies":[{"embeddable":true,"href":"https:\/\/halkweb.com.tr\/de\/wp-json\/wp\/v2\/comments?post=277144"}],"version-history":[{"count":0,"href":"https:\/\/halkweb.com.tr\/de\/wp-json\/wp\/v2\/posts\/277144\/revisions"}],"wp:featuredmedia":[{"embeddable":true,"href":"https:\/\/halkweb.com.tr\/de\/wp-json\/wp\/v2\/media\/277909"}],"wp:attachment":[{"href":"https:\/\/halkweb.com.tr\/de\/wp-json\/wp\/v2\/media?parent=277144"}],"wp:term":[{"taxonomy":"category","embeddable":true,"href":"https:\/\/halkweb.com.tr\/de\/wp-json\/wp\/v2\/categories?post=277144"},{"taxonomy":"post_tag","embeddable":true,"href":"https:\/\/halkweb.com.tr\/de\/wp-json\/wp\/v2\/tags?post=277144"}],"curies":[{"name":"wp","href":"https:\/\/api.w.org\/{rel}","templated":true}]}}