{"id":276442,"date":"2023-09-29T21:55:20","date_gmt":"2023-09-29T18:55:20","guid":{"rendered":"https:\/\/halkweb.com.tr\/?p=276442"},"modified":"2023-09-29T21:55:20","modified_gmt":"2023-09-29T18:55:20","slug":"das-golden-orange-film-festival-wird-zum-ersten-mal-in-seiner-60-jahrigen-geschichte-abgesagt","status":"publish","type":"post","link":"https:\/\/halkweb.com.tr\/de\/das-golden-orange-film-festival-wird-zum-ersten-mal-in-seiner-60-jahrigen-geschichte-abgesagt\/","title":{"rendered":"Das Golden Orange Film Festival wurde zum ersten Mal in seiner 60-j\u00e4hrigen Geschichte abgesagt!"},"content":{"rendered":"<p>Das 60. Goldene Orange Filmfestival, das wegen des Ausschlusses des Dokumentarfilms \"Kanun H\u00fckm\u00fc\" von der Filmauswahl in eine Krise geraten war, wurde abgesagt.<\/p>\n<p><strong><a href=\"https:\/\/halkweb.com.tr\/de\/der-vorsitzende-des-festivals-sagte-dass-wir-keine-lebenssicherheit-haben-das-gesetz-wurde-wieder-aus-der-goldenen-orange-genommen\/\">Festivalpr\u00e4sident sagte: \u2018Wir haben keine Sicherheit des Lebens\u2019, die Bestimmung des Gesetzes wurde aus der Goldenen Orange wieder entfernt!<\/a><\/strong><\/p>\n<p>Der B\u00fcrgermeister der Stadt Antalya, Muhittin B\u00f6cek, erkl\u00e4rte: \u201cDie Aufgaben des Festivaldirektors, des k\u00fcnstlerischen Leiters und des gesamten von ihnen gebildeten k\u00fcnstlerischen Teams, die mit ihrer eigenen Entscheidung f\u00fcr gro\u00dfe Verwirrung gesorgt haben, sind mit sofortiger Wirkung beendet worden.\u201d.<\/p>\n<p><strong><a href=\"https:\/\/halkweb.com.tr\/de\/2-meslektasini-kaybeden-goncagul-sunar-isyan-etti\/\">Goncag\u00fcl Sunar, der 2 Kollegen verlor, rebellierte<\/a><\/strong><\/p>\n<p>Das Festival wurde aufgrund der Krise abgesagt, die mit dem Ausschluss des Dokumentarfilms Kanun H\u00fckm\u00fc vom Antalya Golden Orange Film Festival begann. Kanun H\u00fckm\u00fc erz\u00e4hlt die Geschichte von zwei Menschen, die durch rechtskr\u00e4ftige Dekrete (KHK) entlassen wurden.<\/p>\n<p><strong><a href=\"https:\/\/halkweb.com.tr\/de\/justiz-bestatigt-das-urteil-gegen-can-atalay-erkan-bastan-hat-eine-sehr-harte-erklarung-abgegeben-und-gefordert\/\">Der Kassationsgerichtshof best\u00e4tigte das Urteil gegen Can Atalay, Erkan Ba\u015f gab eine sehr harsche Erkl\u00e4rung und einen Aufruf ab!<\/a><\/strong><\/p>\n<p>Der B\u00fcrgermeister der Stadt Antalya, Muhittin B\u00f6cek, gab die Absage des Festivals in einer Erkl\u00e4rung auf der Social-Media-Plattform X bekannt.<\/p>\n<p>&nbsp;<\/p>\n<blockquote class=\"twitter-tweet\">\n<p dir=\"ltr\" lang=\"tr\">Liebe Kinoliebhaber, liebe Landsleute;<\/p>\n<p>Das Antalya Golden Orange Film Festival, das wir zu seiner Essenz als Antalya Metropolitan Municipality zur\u00fcckgef\u00fchrt haben, hat den Jahren getrotzt, ist eine der wichtigsten Marken unseres Antalya und unseres Landes und wir planen, zwischen 7-14 Oktober... <a href=\"https:\/\/t.co\/rMMC68ljBa\">pic.twitter.com\/rMMC68ljBa<\/a><\/p>\n<p>- Muhittin B\u00f6cek (@BocekMuhittin) <a href=\"https:\/\/twitter.com\/BocekMuhittin\/status\/1707813951034003914?ref_src=twsrc%5Etfw\" target=\"_blank\" rel=\"noopener\">29. September 2023<\/a><\/p><\/blockquote>\n<p><script async src=\"https:\/\/platform.twitter.com\/widgets.js\" charset=\"utf-8\"><\/script><\/p>\n<p><strong>\u201cDER FESTIVALDIREKTOR HAT DEN PROZESS SCHLECHT GEMANAGT\u201d.\u201d<\/strong><\/p>\n<p>In dem Video, das er in seiner Botschaft mitteilte, betonte B\u00f6cek, dass das Antalya Golden Orange Film Festival eine der wichtigsten Marken nicht nur f\u00fcr Antalya, sondern auch f\u00fcr die T\u00fcrkei in der internationalen Arena sei, und stellte Folgendes fest:<\/p>\n<p>\u201cAn diesem Punkt werde ich als Stadtverwaltung niemals zulassen, dass unser Festival, das den Jahren getrotzt hat, als Material in den H\u00e4nden einiger Leute benutzt wird und die Rechte der Kinobesch\u00e4ftigten unterdr\u00fcckt werden. Da das Thema das ganze Land, Antalya, alle Kinoliebhaber und alle Kinobesch\u00e4ftigten betrifft, musste unsere Stadtverwaltung, die Gastgeberin des Themas ist, eine Entscheidung treffen. Der Festivaldirektor und das k\u00fcnstlerische Team wurden ausgew\u00e4hlt und sind daf\u00fcr verantwortlich, den Inhalt zu bestimmen, um das Festival k\u00fcnstlerisch stark und beispielhaft f\u00fcr das Kino zu machen. Es wurde festgestellt, dass das gesamte k\u00fcnstlerische Team, vor allem der Festivaldirektor, den Prozess schlecht gemanagt und die Krise nicht bew\u00e4ltigt hat.\u201d<\/p>\n<p><strong><a href=\"https:\/\/halkweb.com.tr\/de\/als-er-den-namen-ozkan-ugurun-horte-konnte-cem-yilmaz-seine-tranen-nicht-zuruckhalten\/\">Cem Y\u0131lmaz konnte seine Tr\u00e4nen nicht zur\u00fcckhalten, als er den Namen von \u00d6zkan U\u011fur h\u00f6rte<\/a><\/strong><\/p>\n<p>B\u00f6cek erkl\u00e4rte, er akzeptiere nicht, was geschehen sei, da er sich darum bem\u00fcht habe, das Festival wieder auf seinen Kern zur\u00fcckzuf\u00fchren und die nationale Kategorie wieder in das Festival aufzunehmen.<\/p>\n<p><strong>IHRE T\u00c4TIGKEIT BEENDET HABEN<\/strong><\/p>\n<p>Mit dem Hinweis darauf, dass das Golden Orange Film Festival \u00fcber der Politik stehe, k\u00fcndigte B\u00f6cek an, dass das gesamte k\u00fcnstlerische Team des Festivals entlassen wurde:<\/p>\n<p>\u201cNiemand sollte daran zweifeln, dass ich unser Festival nicht zum Material f\u00fcr die politischen Ambitionen von irgendjemandem machen werde. Ich gebe auch alle Anschuldigungen, die mir und unserer Stadtverwaltung durch den fraglichen Film zugeschrieben werden, an ihre wirklichen Gespr\u00e4chspartner zur\u00fcck. Aus den Gr\u00fcnden, die ich soeben erl\u00e4utert habe, sind die Aufgaben des Festivaldirektors, des k\u00fcnstlerischen Leiters und des gesamten von ihnen gebildeten k\u00fcnstlerischen Teams, die mit ihrer eigenen Entscheidung ein gro\u00dfes Durcheinander verursacht haben, mit sofortiger Wirkung beendet. Ich fordere alle K\u00fcnstler, Kinomitarbeiter und Kinoliebhaber auf, unser Festival zu sch\u00fctzen. Ich bedauere, allen Kinoliebhabern mitzuteilen, dass ich unser Festival, das wir f\u00fcr den 7. bis 14. Oktober geplant hatten, aufgrund dieses Prozesses, der au\u00dferhalb von uns geschaffen wurde, abgesagt habe.\u201d<\/p>\n<p><strong>KRISE DER RECHTSSTAATLICHKEIT\u2018 AUF DEM FESTIVAL<\/strong><\/p>\n<p>\u2018Der Dokumentarfilm \u2019Kanun H\u00fckm\u00fc\u201c wurde von der Auswahl f\u00fcr den nationalen Dokumentarfilmwettbewerb des 60. Antalya Golden Orange Film Festivals mit der Begr\u00fcndung ausgeschlossen, dass \u201dein Gerichtsverfahren gegen eine im Film vorkommende Person l\u00e4uft\".<\/p>\n<p>Die Regisseurin Nejla Demirci bezeichnete die Entscheidung gegen den Dokumentarfilm als \u201cZensur\u201d. Auch die 20 Jurymitglieder des Festivals hatten angek\u00fcndigt, dass sie zur\u00fccktreten w\u00fcrden, wenn der Dokumentarfilm nicht in die Auswahl aufgenommen w\u00fcrde.<\/p>\n<p>Die Regisseure und Produzenten von 27 Filmen des Nationalen Spielfilmwettbewerbs, des Nationalen Dokumentarfilmwettbewerbs und des Nationalen Kurzfilmwettbewerbs gaben ihre Entscheidung bekannt, ihre Filme vom Festival zur\u00fcckzuziehen.<\/p>\n<p>Die Reaktionen auf diese Entscheidung waren heftig, doch das Golden Orange Film Festival konnte dem Druck nicht standhalten und machte einen Schritt zur\u00fcck. In der Erkl\u00e4rung, die auf dem Social-Media-Account des Festivals ver\u00f6ffentlicht wurde, wurde bekannt gegeben, dass beschlossen wurde, den Dokumentarfilm \u2018Kanun H\u00fckm\u00fc\u2019 wieder in die Auswahl des Wettbewerbs aufzunehmen.<\/p>\n<p>Kurz nach der Bekanntgabe des R\u00fcckzugs des Films k\u00fcndigte das Ministerium f\u00fcr Kultur und Tourismus seinen R\u00fcckzug vom Festival an. Sp\u00e4ter zog auch das Ministerium f\u00fcr Jugend und Sport seine Unterst\u00fctzung f\u00fcr das Festival zur\u00fcck.<\/p>\n<p>Der Direktor des Antalya Golden Orange Film Festivals, Ahmet Boyac\u0131o\u011flu, gab sp\u00e4ter bekannt, dass der Dokumentarfilm wieder aus der Auswahl gestrichen worden sei. \u201cWir k\u00f6nnen nicht akzeptieren, dass wir als Unterst\u00fctzer einer terroristischen Organisation bezeichnet werden\u201d, sagte Boyac\u0131o\u011flu in einer Erkl\u00e4rung.<\/p>\n<p>K\u00fcrzlich k\u00fcndigte Demet Akbag, die Jurypr\u00e4sidentin des Golden Orange Film Festivals, ihren R\u00fccktritt von ihrem Amt an.<\/p>","protected":false},"excerpt":{"rendered":"<p>Kanun H\u00fckm\u00fc belgeselinin film se\u00e7kisinden \u00e7\u0131kar\u0131lmas\u0131yla kriz ya\u015fanan 60. Alt\u0131n Portakal Film Festivali iptal edildi. Festival ba\u015fkan\u0131 \u2018can g\u00fcvenli\u011fimiz yok\u2019 dedi, Kanun H\u00fckm\u00fc Alt\u0131n Portakal\u2019dan tekrar \u00e7\u0131kar\u0131ld\u0131! Antalya B\u00fcy\u00fck\u015fehir Belediye Ba\u015fkan\u0131 Muhittin B\u00f6cek, &#8220;Kendi karar\u0131yla b\u00fcy\u00fck bir karma\u015faya neden olan festival y\u00f6netmeninin, sanat y\u00f6netmeninin ve olu\u015fturduklar\u0131 t\u00fcm sanat ekibinin g\u00f6revlerine \u015fu an itibari ile son [&hellip;]<\/p>\n","protected":false},"author":3,"featured_media":277909,"comment_status":"closed","ping_status":"closed","sticky":false,"template":"","format":"standard","meta":{"footnotes":""},"categories":[6],"tags":[],"class_list":{"0":"post-276442","1":"post","2":"type-post","3":"status-publish","4":"format-standard","5":"has-post-thumbnail","7":"category-kultur-sanat"},"_links":{"self":[{"href":"https:\/\/halkweb.com.tr\/de\/wp-json\/wp\/v2\/posts\/276442","targetHints":{"allow":["GET"]}}],"collection":[{"href":"https:\/\/halkweb.com.tr\/de\/wp-json\/wp\/v2\/posts"}],"about":[{"href":"https:\/\/halkweb.com.tr\/de\/wp-json\/wp\/v2\/types\/post"}],"author":[{"embeddable":true,"href":"https:\/\/halkweb.com.tr\/de\/wp-json\/wp\/v2\/users\/3"}],"replies":[{"embeddable":true,"href":"https:\/\/halkweb.com.tr\/de\/wp-json\/wp\/v2\/comments?post=276442"}],"version-history":[{"count":0,"href":"https:\/\/halkweb.com.tr\/de\/wp-json\/wp\/v2\/posts\/276442\/revisions"}],"wp:featuredmedia":[{"embeddable":true,"href":"https:\/\/halkweb.com.tr\/de\/wp-json\/wp\/v2\/media\/277909"}],"wp:attachment":[{"href":"https:\/\/halkweb.com.tr\/de\/wp-json\/wp\/v2\/media?parent=276442"}],"wp:term":[{"taxonomy":"category","embeddable":true,"href":"https:\/\/halkweb.com.tr\/de\/wp-json\/wp\/v2\/categories?post=276442"},{"taxonomy":"post_tag","embeddable":true,"href":"https:\/\/halkweb.com.tr\/de\/wp-json\/wp\/v2\/tags?post=276442"}],"curies":[{"name":"wp","href":"https:\/\/api.w.org\/{rel}","templated":true}]}}