{"id":276103,"date":"2023-09-19T11:02:56","date_gmt":"2023-09-19T08:02:56","guid":{"rendered":"https:\/\/halkweb.com.tr\/?p=276103"},"modified":"2023-09-19T11:02:56","modified_gmt":"2023-09-19T08:02:56","slug":"bis-zu-4-jahre-freiheitsstrafe-fur-fatih-altaylinin-beantragt","status":"publish","type":"post","link":"https:\/\/halkweb.com.tr\/de\/bis-zu-4-jahre-freiheitsstrafe-fur-fatih-altaylinin-beantragt\/","title":{"rendered":"Fatih Altayli wurde zu einer Freiheitsstrafe von bis zu 4 Jahren verurteilt"},"content":{"rendered":"<p>Der Journalist Fatih Altayl\u0131 wurde wegen seines Beitrags in den sozialen Medien verklagt, in dem er den Begriff \u201cpervers\u201d im Zusammenhang mit der Aussage der Direktion f\u00fcr religi\u00f6se Angelegenheiten verwendete, dass \u201czwischen dem Adoptierenden und dem Adoptierten kein Ehehindernis entsteht\u201d.<\/p>\n<p><strong><a href=\"https:\/\/halkweb.com.tr\/de\/ahmet-cakarins-gehalt-von-beyaz-tv-enthullt\/\">Das Gehalt von Ahmet \u00c7akar bei Beyaz TV wurde enth\u00fcllt<\/a><\/strong><\/p>\n<p>Das Pr\u00e4sidium f\u00fcr religi\u00f6se Angelegenheiten erstattete Strafanzeige gegen Altayl\u0131s Posten und die Generalstaatsanwaltschaft Ankara erstellte eine Anklageschrift. In der Anklageschrift wurden der Vorsitzende des Hohen Rates f\u00fcr religi\u00f6se Angelegenheiten des Pr\u00e4sidiums f\u00fcr religi\u00f6se Angelegenheiten und 15 seiner Mitglieder als Opfer genannt.<\/p>\n<p><strong><a href=\"https:\/\/halkweb.com.tr\/de\/gultekin-uysal-erklart-wer-der-wahre-eigentumer-von-atv-ist\/\">G\u00fcltekin Uysal gab bekannt, wer der wahre Eigent\u00fcmer von ATV ist.<\/a><\/strong><\/p>\n<p><strong>ALTAYLI FREIHEIT DER MEINUNGS\u00c4USSERUNG<\/strong><\/p>\n<p>Zu seiner Verteidigung erkl\u00e4rte Altayl\u0131, dass sein Beitrag im Rahmen des Rechts auf freie Meinungs\u00e4u\u00dferung erfolgt sei und er die Anschuldigung nicht akzeptiere.<\/p>\n<p>In der Anklageschrift, die sich auf die Rechtsprechung des Europ\u00e4ischen Gerichtshofs f\u00fcr Menschenrechte, des Verfassungsgerichts und lokaler Gerichte st\u00fctzt, wird jedoch betont, dass Altayl\u0131s Beitrag einen klaren Straftatbestand der \u201cBeleidigung\u201d der Opfer darstellt, da er die Pressefreiheit und das Recht auf Kritik \u00fcberschreitet.<\/p>\n<p><strong><a href=\"https:\/\/halkweb.com.tr\/de\/yesim-salkim-verteilt-weiterhin-urteile-nach-buket-aydinin-halil-konakciya-historischer-deckung-dies-ist-die-sakulare-republik-turkei-gegrundet-von-mustafa-kemal-ataturkun\/\">Ye\u015fim Salk\u0131m verteilt weiterhin Urteile! Historische Deckung f\u00fcr Halil Konak\u00e7\u0131 nach Buket Ayd\u0131n: Das ist die s\u00e4kulare Republik T\u00fcrkei, gegr\u00fcndet von Mustafa Kemal Atat\u00fcrk!<\/a><\/strong><\/p>\n<p>In der Anklageschrift hei\u00dft es, dass die von Altayl\u0131 verwendeten Ausdr\u00fccke die Opfer beleidigen und ihre Ehre, W\u00fcrde und ihren Ruf sch\u00e4digen k\u00f6nnten.<\/p>\n<p><strong><a href=\"https:\/\/halkweb.com.tr\/de\/harsche-reaktion-der-guten-parteien-auf-fatih-portakalins-wortapparat-der-versucht-politik-zu-gestalten\/\">Scharfe Reaktion der \u0130Y\u0130-Parteimitglieder auf Fatih Portakals \u00c4u\u00dferungen: Apparat versucht, Politik zu gestalten<\/a><\/strong><\/p>\n<p>In der vom 61. Strafgericht erster Instanz in Ankara angenommenen Anklageschrift wurde Fatih Altayl\u0131 zu einer Freiheitsstrafe von 6 Monaten bis 4 Jahren verurteilt.<\/p>","protected":false},"excerpt":{"rendered":"<p>Gazeteci Fatih Altayl\u0131, Diyanet&#8217;in &#8220;Evlat edinen ile evlatl\u0131k aras\u0131nda evlenme engeli do\u011fmaz&#8221; a\u00e7\u0131klamas\u0131na y\u00f6nelik &#8220;sap\u0131k&#8221; ifadesini kullanarak yapt\u0131\u011f\u0131 sosyal medya payla\u015f\u0131m\u0131 nedeniyle dava edildi. Ahmet \u00c7akar\u2019\u0131n Beyaz TV\u2019den ald\u0131\u011f\u0131 maa\u015f belli oldu Diyanet \u0130\u015fleri Ba\u015fkanl\u0131\u011f\u0131, Altayl\u0131&#8217;n\u0131n bu payla\u015f\u0131m\u0131 \u00fczerine su\u00e7 duyurusunda bulundu ve Ankara Cumhuriyet Ba\u015fsavc\u0131l\u0131\u011f\u0131 taraf\u0131ndan bir iddianame haz\u0131rland\u0131. \u0130ddianamede, Diyanet \u0130\u015fleri Ba\u015fkanl\u0131\u011f\u0131 Din [&hellip;]<\/p>\n","protected":false},"author":3,"featured_media":277909,"comment_status":"closed","ping_status":"closed","sticky":false,"template":"","format":"standard","meta":{"footnotes":""},"categories":[2],"tags":[],"class_list":{"0":"post-276103","1":"post","2":"type-post","3":"status-publish","4":"format-standard","5":"has-post-thumbnail","7":"category-gundem"},"_links":{"self":[{"href":"https:\/\/halkweb.com.tr\/de\/wp-json\/wp\/v2\/posts\/276103","targetHints":{"allow":["GET"]}}],"collection":[{"href":"https:\/\/halkweb.com.tr\/de\/wp-json\/wp\/v2\/posts"}],"about":[{"href":"https:\/\/halkweb.com.tr\/de\/wp-json\/wp\/v2\/types\/post"}],"author":[{"embeddable":true,"href":"https:\/\/halkweb.com.tr\/de\/wp-json\/wp\/v2\/users\/3"}],"replies":[{"embeddable":true,"href":"https:\/\/halkweb.com.tr\/de\/wp-json\/wp\/v2\/comments?post=276103"}],"version-history":[{"count":0,"href":"https:\/\/halkweb.com.tr\/de\/wp-json\/wp\/v2\/posts\/276103\/revisions"}],"wp:featuredmedia":[{"embeddable":true,"href":"https:\/\/halkweb.com.tr\/de\/wp-json\/wp\/v2\/media\/277909"}],"wp:attachment":[{"href":"https:\/\/halkweb.com.tr\/de\/wp-json\/wp\/v2\/media?parent=276103"}],"wp:term":[{"taxonomy":"category","embeddable":true,"href":"https:\/\/halkweb.com.tr\/de\/wp-json\/wp\/v2\/categories?post=276103"},{"taxonomy":"post_tag","embeddable":true,"href":"https:\/\/halkweb.com.tr\/de\/wp-json\/wp\/v2\/tags?post=276103"}],"curies":[{"name":"wp","href":"https:\/\/api.w.org\/{rel}","templated":true}]}}