{"id":275924,"date":"2023-09-15T10:56:35","date_gmt":"2023-09-15T07:56:35","guid":{"rendered":"https:\/\/halkweb.com.tr\/?p=275924"},"modified":"2023-09-15T10:56:35","modified_gmt":"2023-09-15T07:56:35","slug":"erdogans-versprechen-nach-der-wahl-vergessen","status":"publish","type":"post","link":"https:\/\/halkweb.com.tr\/de\/erdogans-versprechen-nach-der-wahl-vergessen\/","title":{"rendered":"Erdo\u011fans Versprechen, das er nach der Wahl vergessen hat!"},"content":{"rendered":"<p>Der Abgeordnete der Republikanischen Volkspartei (CHP) Bal\u0131kesir, Serkan Sar\u0131, erkl\u00e4rte, dass die Regierung der Partei f\u00fcr Gerechtigkeit und Entwicklung (AKP) ihr Wahlversprechen, das System der Vorstellungsgespr\u00e4che bei \u00f6ffentlichen Einstellungen abzuschaffen, nicht erf\u00fcllt habe. Sar\u0131 erkl\u00e4rte, dass trotz der Wahlversprechen der AKP die Praxis der Vorstellungsgespr\u00e4che fortbesteht, und bezeichnete diese Situation als \u201cBruch ihres Versprechens\u201d.<\/p>\n<p>Sar\u0131 \u00e4u\u00dferte sich in seiner Erkl\u00e4rung zu diesem Thema wie folgt: \u201cEines der Versprechen der AKP vor den Wahlen war die Abschaffung der Vorstellungsgespr\u00e4che bei \u00f6ffentlichen Einstellungen und die Ernennung auf der Grundlage der KPSS-Punkte. Kurz vor den Wahlen sagte jedoch auch der damalige Bildungsminister, dass die Vorstellungsgespr\u00e4che bei der Einstellung von Lehrern abgeschafft werden w\u00fcrden. Leider werden diese Gespr\u00e4che immer noch gef\u00fchrt. Das Versprechen, die Vorstellungsgespr\u00e4che abzuschaffen, hat sich als L\u00fcge erwiesen, und es sieht nicht so aus, als ob sie abgeschafft w\u00fcrden. Solange die AKP nicht an der Macht ist, wird die \u00c4ra des Torpils, der G\u00fcnstlingswirtschaft und der Vermittlung von Freunden, Verwandten und Bekannten nicht enden. Versprechen machen und Stimmen bekommen, aber nicht halten, was man verspricht. Das ist die Politik der L\u00fcgen der AKP.\u201d<\/p>\n<p>Sar\u0131 erinnerte an das Versprechen des AKP-Vorsitzenden und Staatspr\u00e4sidenten Recep Tayyip Erdo\u011fan vor den Wahlen und verwies auf die Aussagen in der AKP-Wahlerkl\u00e4rung, dass das Vorstellungsgespr\u00e4chsverfahren bei der erstmaligen Besetzung \u00f6ffentlicher \u00c4mter abgeschafft werden soll. Er reagierte auch auf die Aussage des Bildungsministers Yusuf Tekin, dass das Bildungsministerium auch weiterhin Personal durch Vorstellungsgespr\u00e4che rekrutieren werde.<\/p>\n<p>Sar\u0131 sagte, dass sich junge Menschen auf ihren Pr\u00fcfungserfolg verlassen, um ins Berufsleben einzusteigen, und mit Hoffnung in die Zukunft blicken. Er betonte jedoch, dass die Praxis der Vorstellungsgespr\u00e4che diese Hoffnungen \u00fcberschattet und dazu f\u00fchrt, dass unqualifizierte Personen eingestellt werden. Sar\u0131 schloss seine Ausf\u00fchrungen wie folgt: \u201cUnsere jungen Leute, die am KPSS teilnehmen, sollten aufgrund der erreichten Punktzahl in Stellen im \u00f6ffentlichen Sektor vermittelt werden. Die AKP-Regierung sollte ihr Versprechen einhalten und die Praxis der Vorstellungsgespr\u00e4che, die sie vor den Wahlen versprochen hat, sofort abschaffen.\u201d<\/p>\n<p><strong>Was ist passiert?<\/strong><\/p>\n<p>Bildungsminister Yusuf Tekin k\u00fcndigte an, dass die Vorstellungsgespr\u00e4che bei der Einstellung von Lehrern fortgesetzt, aber die Art und Weise, wie sie durchgef\u00fchrt werden, ge\u00e4ndert werden.<\/p>\n<p>\u201cAuf die Frage \u2018Eine der Wahlerkl\u00e4rungen des Pr\u00e4sidenten enthielt das Versprechen, dass \u2019Befragungen abgeschafft werden\u201d\u201c, antwortete Tekin: \u201dSo ist es nicht. Unser Pr\u00e4sident \u00e4u\u00dferte sein Unbehagen \u00fcber die Art und Weise, wie die Befragungen durchgef\u00fchrt wurden. Also haben wir beschlossen, die Befragungen wie ein Interview zu gestalten.\".<\/p>","protected":false},"excerpt":{"rendered":"<p>Cumhuriyet Halk Partisi (CHP) Bal\u0131kesir Milletvekili Serkan Sar\u0131, Adalet ve Kalk\u0131nma Partisi (AKP) h\u00fck\u00fcmetinin se\u00e7im \u00f6ncesi verdi\u011fi kamu i\u015fe al\u0131mlar\u0131nda m\u00fclakat\u0131n kald\u0131r\u0131laca\u011f\u0131 s\u00f6z\u00fcn\u00fc tutmad\u0131\u011f\u0131n\u0131 a\u00e7\u0131klad\u0131. Sar\u0131, AKP&#8217;nin se\u00e7im vaatlerine ra\u011fmen m\u00fclakat uygulamas\u0131n\u0131n devam etti\u011fini belirtti ve bu durumu &#8220;s\u00f6z\u00fcn\u00fc tutma&#8221; olarak nitelendirdi. Sar\u0131, konuyla ilgili yapt\u0131\u011f\u0131 a\u00e7\u0131klamada \u015funlar\u0131 s\u00f6yledi: &#8220;Se\u00e7im \u00f6ncesinde AKP&#8217;nin vaatlerinden biri de [&hellip;]<\/p>\n","protected":false},"author":3,"featured_media":277909,"comment_status":"closed","ping_status":"closed","sticky":false,"template":"","format":"standard","meta":{"footnotes":""},"categories":[2],"tags":[],"class_list":{"0":"post-275924","1":"post","2":"type-post","3":"status-publish","4":"format-standard","5":"has-post-thumbnail","7":"category-gundem"},"_links":{"self":[{"href":"https:\/\/halkweb.com.tr\/de\/wp-json\/wp\/v2\/posts\/275924","targetHints":{"allow":["GET"]}}],"collection":[{"href":"https:\/\/halkweb.com.tr\/de\/wp-json\/wp\/v2\/posts"}],"about":[{"href":"https:\/\/halkweb.com.tr\/de\/wp-json\/wp\/v2\/types\/post"}],"author":[{"embeddable":true,"href":"https:\/\/halkweb.com.tr\/de\/wp-json\/wp\/v2\/users\/3"}],"replies":[{"embeddable":true,"href":"https:\/\/halkweb.com.tr\/de\/wp-json\/wp\/v2\/comments?post=275924"}],"version-history":[{"count":0,"href":"https:\/\/halkweb.com.tr\/de\/wp-json\/wp\/v2\/posts\/275924\/revisions"}],"wp:featuredmedia":[{"embeddable":true,"href":"https:\/\/halkweb.com.tr\/de\/wp-json\/wp\/v2\/media\/277909"}],"wp:attachment":[{"href":"https:\/\/halkweb.com.tr\/de\/wp-json\/wp\/v2\/media?parent=275924"}],"wp:term":[{"taxonomy":"category","embeddable":true,"href":"https:\/\/halkweb.com.tr\/de\/wp-json\/wp\/v2\/categories?post=275924"},{"taxonomy":"post_tag","embeddable":true,"href":"https:\/\/halkweb.com.tr\/de\/wp-json\/wp\/v2\/tags?post=275924"}],"curies":[{"name":"wp","href":"https:\/\/api.w.org\/{rel}","templated":true}]}}