{"id":275913,"date":"2023-09-15T06:43:55","date_gmt":"2023-09-15T03:43:55","guid":{"rendered":"https:\/\/halkweb.com.tr\/?p=275913"},"modified":"2023-09-15T06:43:55","modified_gmt":"2023-09-15T03:43:55","slug":"balletttanzerin-tan-sagturk-zum-generaldirektor-von-staatsoper-und-ballett-ernannt","status":"publish","type":"post","link":"https:\/\/halkweb.com.tr\/de\/balletttanzerin-tan-sagturk-zum-generaldirektor-von-staatsoper-und-ballett-ernannt\/","title":{"rendered":"Ballettt\u00e4nzer Tan Sa\u011ft\u00fcrk zum Generaldirektor von Staatsoper und Ballett ernannt"},"content":{"rendered":"<p>Laut dem mit der Unterschrift von Pr\u00e4sident Recep Tayyip Erdo\u011fan versehenen Dekret wurde der Ballettt\u00e4nzer Tan Sa\u011ft\u00fcrk zum Generaldirektor der Staatsoper und des Balletts der T\u00fcrkei ernannt.<\/p>\n<p>Die Ernennungsentscheidungen von Pr\u00e4sident Erdo\u011fan wurden im Amtsblatt ver\u00f6ffentlicht und umfassten hochrangige Ernennungen in verschiedenen Ministerien und Generaldirektionen. In diesem Zusammenhang wurde auch die Ernennung von Tan Sa\u011ft\u00fcrk zum Generaldirektor der Staatsoper und des Staatsballetts im Ministerium f\u00fcr Kultur und Tourismus bekannt gegeben.<\/p>\n<p>Tan Sa\u011ft\u00fcrk wurde zum Generaldirektor der Staatsoper und des Staatsballetts ernannt und ist damit der zweite Ballettdirektor, der in diese wichtige Position berufen wurde. Vor der Ernennung hatte Sa\u011ft\u00fcrk erkl\u00e4rt: \u201cIch befinde mich im Evaluierungsprozess\u201d. Letztendlich wurde seine Ernennung jedoch mit der Zustimmung von Pr\u00e4sident Erdo\u011fan offiziell gemacht.<\/p>\n<p><img loading=\"lazy\" decoding=\"async\" class=\"alignnone size-full wp-image-275914\" src=\"https:\/\/halkweb.com.tr\/wp-content\/uploads\/2023\/09\/1694731583022-adsiz.jpg\" alt=\"\" width=\"405\" height=\"530\" srcset=\"https:\/\/halkweb.com.tr\/wp-content\/uploads\/2023\/09\/1694731583022-adsiz.jpg 405w, https:\/\/halkweb.com.tr\/wp-content\/uploads\/2023\/09\/1694731583022-adsiz-300x393.jpg 300w\" sizes=\"auto, (max-width: 405px) 100vw, 405px\" \/><\/p>\n<p><strong>Wer ist Tan Sagturk?<\/strong><\/p>\n<p>Tan Sa\u011ft\u00fcrk,14. Juli 1969, Izmir, t\u00fcrkischer Ballettt\u00e4nzer und TV-Serienschauspieler.<\/p>\n<p>Er schloss sein Studium am Staatlichen Konservatorium der Hacettepe-Universit\u00e4t Ankara, Abteilung Hochballett, ab. Er ist der Gr\u00fcnder des franz\u00f6sischen Jugendballetts Le Jeune Ballet De France, des franz\u00f6sischen Staatsballetts Ballet National De France, der Istanbuler Staatsoper und des Istanbuler Balletts, der Ballett- und Tanzschulen in Diyarbak\u0131r, Mardin, Gaziantep, Kayseri, Istanbul, Ankara, Izmir und Zypern. Er er\u00f6ffnete das Tan Sa\u011ft\u00fcrk Ballett- und Tanzausbildungszentrum und machte das Ballett bei der breiten Masse bekannt. Er hat ein Werk f\u00fcr das franz\u00f6sische Staatsballett mit dem Titel Soude-ve Je ne Regrette Rien (Edit Piaf).<\/p>\n<p>Er inszenierte das Werk \u201cHeart Sound Project\u201d, das er in Antalya und Izmir am Staatlichen Opara und Ballett choreografierte. Er spielte die Rolle des Hakan in der Serie Bez Bebek auf Fox TV und trat in TV-Werbespots auf. Au\u00dferdem ist er ein Fan von G\u00f6ztepe.<\/p>\n<p><strong>Wettbewerbe, an denen er teilgenommen hat<\/strong><br \/>\nStars der T\u00fcrkei<br \/>\nJemand beobachtet uns<br \/>\nWillst du mit mir tanzen?<br \/>\nNo Way to Dance<\/p>\n<p><strong>TV-Serien, in denen sie mitspielte<\/strong><br \/>\nK\u00f6nig des Reiches (Er selbst)<br \/>\nSchule des Ruhms<br \/>\nBez Bebek (Hakan)<br \/>\nSelena (Gastk\u00fcnstlerin)<br \/>\nVollmond (Ahmet)<br \/>\nZweiter Fr\u00fchling (Timothy Perkins)<br \/>\nDoktoren-2013 (Levent Atahanli)<br \/>\nEurop\u00e4ische Seite (Gastschauspieler)<\/p>","protected":false},"excerpt":{"rendered":"<p>Cumhurba\u015fkan\u0131 Recep Tayyip Erdo\u011fan&#8217;\u0131n imzas\u0131yla yay\u0131nlanan kararnameye g\u00f6re, T\u00fcrkiye Devlet Opera ve Balesi Genel M\u00fcd\u00fcrl\u00fc\u011f\u00fc&#8217;ne balet Tan Sa\u011ft\u00fcrk atanm\u0131\u015ft\u0131r. Cumhurba\u015fkan\u0131 Erdo\u011fan&#8217;\u0131n atama kararlar\u0131, Resmi Gazete&#8217;de yay\u0131nland\u0131 ve \u00e7e\u015fitli bakanl\u0131k ve genel m\u00fcd\u00fcrl\u00fcklerde yap\u0131lan \u00fcst d\u00fczey atamalar\u0131 i\u00e7eriyordu. Bu kapsamda, K\u00fclt\u00fcr ve Turizm Bakanl\u0131\u011f\u0131&#8217;na ba\u011fl\u0131 olan Devlet Opera ve Balesi Genel M\u00fcd\u00fcrl\u00fc\u011f\u00fc&#8217;ne Tan Sa\u011ft\u00fcrk&#8217;\u00fcn atanmas\u0131 da [&hellip;]<\/p>\n","protected":false},"author":3,"featured_media":277909,"comment_status":"closed","ping_status":"closed","sticky":false,"template":"","format":"standard","meta":{"footnotes":""},"categories":[6],"tags":[],"class_list":{"0":"post-275913","1":"post","2":"type-post","3":"status-publish","4":"format-standard","5":"has-post-thumbnail","7":"category-kultur-sanat"},"_links":{"self":[{"href":"https:\/\/halkweb.com.tr\/de\/wp-json\/wp\/v2\/posts\/275913","targetHints":{"allow":["GET"]}}],"collection":[{"href":"https:\/\/halkweb.com.tr\/de\/wp-json\/wp\/v2\/posts"}],"about":[{"href":"https:\/\/halkweb.com.tr\/de\/wp-json\/wp\/v2\/types\/post"}],"author":[{"embeddable":true,"href":"https:\/\/halkweb.com.tr\/de\/wp-json\/wp\/v2\/users\/3"}],"replies":[{"embeddable":true,"href":"https:\/\/halkweb.com.tr\/de\/wp-json\/wp\/v2\/comments?post=275913"}],"version-history":[{"count":0,"href":"https:\/\/halkweb.com.tr\/de\/wp-json\/wp\/v2\/posts\/275913\/revisions"}],"wp:featuredmedia":[{"embeddable":true,"href":"https:\/\/halkweb.com.tr\/de\/wp-json\/wp\/v2\/media\/277909"}],"wp:attachment":[{"href":"https:\/\/halkweb.com.tr\/de\/wp-json\/wp\/v2\/media?parent=275913"}],"wp:term":[{"taxonomy":"category","embeddable":true,"href":"https:\/\/halkweb.com.tr\/de\/wp-json\/wp\/v2\/categories?post=275913"},{"taxonomy":"post_tag","embeddable":true,"href":"https:\/\/halkweb.com.tr\/de\/wp-json\/wp\/v2\/tags?post=275913"}],"curies":[{"name":"wp","href":"https:\/\/api.w.org\/{rel}","templated":true}]}}