{"id":275910,"date":"2023-09-14T21:18:05","date_gmt":"2023-09-14T18:18:05","guid":{"rendered":"https:\/\/halkweb.com.tr\/?p=275910"},"modified":"2023-09-14T21:18:05","modified_gmt":"2023-09-14T18:18:05","slug":"halil-konakci-behauptete-dieses-mal-dass-ihm-der-sakulare-staat-geld-schulde","status":"publish","type":"post","link":"https:\/\/halkweb.com.tr\/de\/halil-konakci-behauptete-dieses-mal-dass-ihm-der-sakulare-staat-geld-schulde\/","title":{"rendered":"Diesmal behauptete Halil Konakc\u0131, dass ihm der s\u00e4kulare Staat \u2018etwas schuldig\u2019 sei!"},"content":{"rendered":"<p>Halil Konakc\u0131, der mit seinen umstrittenen \u00c4u\u00dferungen gegen die Republik oft auf die Tagesordnung kommt, nahm diesmal diejenigen ins Visier, die sagen: \u201cEuer Gehalt wird mit meinen Steuern bezahlt\u201d.<\/p>\n<p><strong><a href=\"https:\/\/halkweb.com.tr\/de\/yesim-salkim-verteilt-weiterhin-urteile-nach-buket-aydinin-halil-konakciya-historischer-deckung-dies-ist-die-sakulare-republik-turkei-gegrundet-von-mustafa-kemal-ataturkun\/\">Ye\u015fim Salk\u0131m verteilt weiterhin Urteile! Historische Deckung f\u00fcr Halil Konak\u00e7\u0131 nach Buket Ayd\u0131n: Das ist die s\u00e4kulare Republik T\u00fcrkei, gegr\u00fcndet von Mustafa Kemal Atat\u00fcrk!<\/a><\/strong><\/p>\n<p>Halil Konakc\u0131 teilte ein Video auf seinem Social-Media-Konto, in dem er eine Erkl\u00e4rung zu diesem Thema abgab und schrieb: \u201cIhr Gehalt wird mit meinen Steuern bezahlt\u201d.<\/p>\n<p><strong><a href=\"https:\/\/halkweb.com.tr\/de\/yesim-salkimdan-buket-aydina-ebrar-karakurt-cevabi-yatak-teri-degil-alin-teri\/\">\u2018Ebrar Karakurt\u2019 Antwort von Ye\u015fim Salk\u0131m an Buket Ayd\u0131n: Nicht Bettschwei\u00df, Stirnschwei\u00df<\/a><\/strong><\/p>\n<p>Halil Konakc\u0131 behauptete in dem Video, dass er sein Gehalt \u00fcber das Stiftungssystem erhalten habe, dass er aber eine Forderung habe, weil er sein Gehalt nicht vollst\u00e4ndig erhalten habe.<\/p>\n<p><strong><a href=\"https:\/\/halkweb.com.tr\/de\/ahmet-cakarins-gehalt-von-beyaz-tv-enthullt\/\">Das Gehalt von Ahmet \u00c7akar bei Beyaz TV wurde enth\u00fcllt<\/a><\/strong><\/p>\n<p><strong>\u201cICH HABE SOGAR EINEN KREDIT BEKOMMEN\u201d<\/strong><\/p>\n<p>Konakc\u0131 verwendete die folgenden Ausdr\u00fccke:<\/p>\n<p>\u201cIch sage das, weil das, was f\u00fcr Moscheen ausgegeben werden sollte und was die Imame \u00fcber die Generaldirektion der Stiftungen erhalten sollten, in den Staatshaushalt flie\u00dft. Tats\u00e4chlich haben Moscheen und Geistliche sogar Forderungen. Wir erhalten keine Geh\u00e4lter aus der Steuer von irgendjemandem - Alhamdulillah - wir erhalten Geh\u00e4lter mit dem Stiftungssystem, das von Rasulullah (Friede sei mit ihm) eingef\u00fchrt wurde, mit dem System, das seit tausend Jahren und tausend und 500 Jahren kommt. Um in diese Position zu kommen, beenden wir die Schule, wir beenden die Universit\u00e4ten, wir machen die KPSS-Pr\u00fcfung wie ein Polizist, ein Soldat, ein Beamter, ein Lehrer.<\/p>\n<p>&nbsp;<\/p>\n<blockquote class=\"twitter-tweet\">\n<p dir=\"ltr\" lang=\"tr\">\u201cIhr Gehalt wird mit meinen Steuern bezahlt\u201d ... <a href=\"https:\/\/t.co\/VJb2XEVo1M\">pic.twitter.com\/VJb2XEVo1M<\/a><\/p>\n<p>- Halil KONAKCI (@halil_konakci) <a href=\"https:\/\/twitter.com\/halil_konakci\/status\/1702023890204057727?ref_src=twsrc%5Etfw\" target=\"_blank\" rel=\"noopener\">13. September 2023<\/a><\/p><\/blockquote>\n<p><script async src=\"https:\/\/platform.twitter.com\/widgets.js\" charset=\"utf-8\"><\/script><\/p>\n<p><strong>\u201cWIR SIND NICHT UMSONST HIER\u201d<\/strong><\/p>\n<p>Als ob das noch nicht genug w\u00e4re, legen wir eine weitere KPSS-\u00e4hnliche Pr\u00fcfung ab. Als ob das noch nicht genug w\u00e4re, werden wir erneut befragt. Und als ob das noch nicht genug w\u00e4re, werden wir auch noch befragt, wenn wir w\u00e4hrend des Dienstes die Moschee wechseln. Wir sind nicht umsonst hier. Der gr\u00f6\u00dfte Beitrag zum Staatshaushalt sind die von den Muslimen an die Moscheen gespendeten Waren. Wenn sie zur\u00fcckgenommen w\u00fcrden, wenn diese G\u00fcter an das Diyanet zur\u00fcckgegeben w\u00fcrden, br\u00e4uchten wir kein Gehalt vom Staat. Als Imame erhalten wir unsere Geh\u00e4lter nicht aus irgendwelchen Steuern, sondern aus dem von den Gl\u00e4ubigen eingerichteten Stiftungssystem.\u201d<\/p>","protected":false},"excerpt":{"rendered":"<p>Cumhuriyeti hedef alan tart\u0131\u015fmal\u0131 a\u00e7\u0131klamalar\u0131yla s\u0131k s\u0131k g\u00fcndeme gelen Halil Konakc\u0131 bu kez de \u201cMaa\u015f\u0131n vergilerimle \u00f6deniyor\u201d diyenleri hedef ald\u0131. Ye\u015fim Salk\u0131m yarg\u0131 da\u011f\u0131tmaya devam ediyor! Buket Ayd\u0131n\u2019\u0131n ard\u0131ndan Halil Konak\u00e7\u0131\u2019ya tarihi kapak: Buras\u0131 Mustafa Kemal Atat\u00fcrk\u2019\u00fcn kurdu\u011fu laik T\u00fcrkiye Cumhuriyeti! Sosyal medya hesab\u0131ndan konuyla ilgili a\u00e7\u0131klama yapt\u0131\u011f\u0131 bir videoyu payla\u015fan Halil Konakc\u0131 payla\u015f\u0131ma, &#8220;Maa\u015f\u0131n [&hellip;]<\/p>\n","protected":false},"author":3,"featured_media":277909,"comment_status":"closed","ping_status":"closed","sticky":false,"template":"","format":"standard","meta":{"footnotes":""},"categories":[2],"tags":[],"class_list":{"0":"post-275910","1":"post","2":"type-post","3":"status-publish","4":"format-standard","5":"has-post-thumbnail","7":"category-gundem"},"_links":{"self":[{"href":"https:\/\/halkweb.com.tr\/de\/wp-json\/wp\/v2\/posts\/275910","targetHints":{"allow":["GET"]}}],"collection":[{"href":"https:\/\/halkweb.com.tr\/de\/wp-json\/wp\/v2\/posts"}],"about":[{"href":"https:\/\/halkweb.com.tr\/de\/wp-json\/wp\/v2\/types\/post"}],"author":[{"embeddable":true,"href":"https:\/\/halkweb.com.tr\/de\/wp-json\/wp\/v2\/users\/3"}],"replies":[{"embeddable":true,"href":"https:\/\/halkweb.com.tr\/de\/wp-json\/wp\/v2\/comments?post=275910"}],"version-history":[{"count":0,"href":"https:\/\/halkweb.com.tr\/de\/wp-json\/wp\/v2\/posts\/275910\/revisions"}],"wp:featuredmedia":[{"embeddable":true,"href":"https:\/\/halkweb.com.tr\/de\/wp-json\/wp\/v2\/media\/277909"}],"wp:attachment":[{"href":"https:\/\/halkweb.com.tr\/de\/wp-json\/wp\/v2\/media?parent=275910"}],"wp:term":[{"taxonomy":"category","embeddable":true,"href":"https:\/\/halkweb.com.tr\/de\/wp-json\/wp\/v2\/categories?post=275910"},{"taxonomy":"post_tag","embeddable":true,"href":"https:\/\/halkweb.com.tr\/de\/wp-json\/wp\/v2\/tags?post=275910"}],"curies":[{"name":"wp","href":"https:\/\/api.w.org\/{rel}","templated":true}]}}