{"id":275746,"date":"2023-09-08T09:12:29","date_gmt":"2023-09-08T06:12:29","guid":{"rendered":"https:\/\/halkweb.com.tr\/?p=275746"},"modified":"2023-09-08T09:12:29","modified_gmt":"2023-09-08T06:12:29","slug":"die-unterschriften-sind-geleistet-der-transfer-ist-abgeschlossen-cubbeli-ahmet-der-den-post-in-ismailaga-nicht-angenommen-hat-wird-nun-eine-kadiri-robe-tragen","status":"publish","type":"post","link":"https:\/\/halkweb.com.tr\/de\/die-unterschriften-sind-geleistet-der-transfer-ist-abgeschlossen-cubbeli-ahmet-der-den-post-in-ismailaga-nicht-angenommen-hat-wird-nun-eine-kadiri-robe-tragen\/","title":{"rendered":"Die Unterschriften sind geleistet, der Transfer ist vollzogen! C\u00fcbbeli Ahmet, der den Posten in Ismaila\u011fa nicht bekommen hat, wird nun ein Kadiri-Gewand tragen"},"content":{"rendered":"<p>Sosyal medyada yay\u0131mlanan videoda Nak\u015fibendi tarikat\u0131na ba\u011fl\u0131 \u0130smaila\u011fa Cemaati&#8217;ne ba\u011fl\u0131 olan olan C\u00fcbbeli Ahmet&#8217;in \u015eeyh Ubeydullah El Kadiri adl\u0131 \u015fah\u0131stan &#8216;\u015feyhlik icazeti&#8217; ald\u0131\u011f\u0131 g\u00f6r\u00fcld\u00fc.<\/p>\n<p>Video \u201cElhamd\u00fclillah C\u00fcbbeli Hocam\u0131z da Kadiri \u015feyhi oldu\u201d notuyla payla\u015f\u0131ld\u0131.<\/p>\n<p>&nbsp;<\/p>\n<blockquote class=\"twitter-tweet\">\n<p dir=\"ltr\" lang=\"tr\">Kamuoyunda C\u00fcbbeli Ahmet olarak bilinen Ahmet Mahmut \u00dcnl\u00fc, \u0130smaila\u011fa Cemaati\u2019nden ayr\u0131larak Kadiri \u015eeyhi oldu. <a href=\"https:\/\/t.co\/o8kg2wiLDF\">pic.twitter.com\/o8kg2wiLDF<\/a><\/p>\n<p>\u2014 Onedio (@onediocom) <a href=\"https:\/\/twitter.com\/onediocom\/status\/1700012319948866042?ref_src=twsrc%5Etfw\" target=\"_blank\" rel=\"noopener\">8. September 2023<\/a><\/p><\/blockquote>\n<p><script async src=\"https:\/\/platform.twitter.com\/widgets.js\" charset=\"utf-8\"><\/script><\/p>\n<p><strong>C\u00dcBBEL\u0130&#8217;DEN YALANLAMA GELD\u0130<\/strong><\/p>\n<p>Sosyal medyada C\u00fcbbeli Ahmet Hoca\u2019n\u0131n \u0130smaila\u011fa Tarikat\u0131\u2019ndan Kadiri Tarikat\u0131\u2019na ge\u00e7ti\u011fine y\u00f6nelik iddialar ortaya at\u0131ld\u0131. \u0130ddialar\u0131n yank\u0131 bulmas\u0131n\u0131n ard\u0131ndan C\u00fcbbeli\u2019den a\u00e7\u0131klama geldi.<\/p>\n<p>&nbsp;<\/p>\n<blockquote class=\"twitter-tweet\">\n<p dir=\"ltr\" lang=\"tr\">C\u00fcbbeli Ahmet, \u0130smaila\u011fa Cemaati\u2019nden ayr\u0131larak Kadiri \u015eeyhi oldu\u011funa y\u00f6nelik iddialar\u0131 yalanlad\u0131. <a href=\"https:\/\/t.co\/PFd6VjjCzX\">pic.twitter.com\/PFd6VjjCzX<\/a><\/p>\n<p>- Gazete Alarm (@gazetealarm) <a href=\"https:\/\/twitter.com\/gazetealarm\/status\/1700083865203683760?ref_src=twsrc%5Etfw\" target=\"_blank\" rel=\"noopener\">8. September 2023<\/a><\/p><\/blockquote>\n<p><script async src=\"https:\/\/platform.twitter.com\/widgets.js\" charset=\"utf-8\"><\/script><\/p>\n<p>Youtube hesab\u0131ndan yay\u0131nlad\u0131\u011f\u0131 videoda konu\u015fan C\u00fcbbeli \u015funlar\u0131 s\u00f6yledi:<\/p>\n<p>\u201cUydurmu\u015flar ki C\u00fcbbeli Kadiri Tarikat\u0131\u2019na intisab etti. Ben size dedim ki a\u011fz\u0131mdan bir \u015fey duymadan, beni ba\u011flayan yaz\u0131, sitelerimden -sitelerim ele ge\u00e7mediyse tabi- yaz\u0131l\u0131 veya s\u00f6zl\u00fc bir \u015fey duymadan hi\u00e7bir \u015feye inanmay\u0131. Ben efendi hazretlerinin m\u00fcritli\u011finden ba\u015fka d\u00fcnyada bir \u015fey bekliyor muyum, ahirette bir \u015fey bekliyor muyum? Biz ona intisab ettik. Kimseye intisab\u0131m\u0131z olmam\u0131\u015ft\u0131r. Bana halifelik isteyen \u015fefler olmam\u0131\u015f m\u0131d\u0131r? \u00c7ok\u201d<\/p>\n<p><strong>WAS IST GESCHIEHEN?<\/strong><br \/>\nC\u00fcbbeli Ahmet, ge\u00e7en sene de \u015e\u00e2zel\u00eelik tarikat\u0131na \u00fcye \u015eeyh Ubeydullah El Kadiri El H\u00fcseyni olarak bilinen \u015fahsa ge\u00e7mi\u015f olsun ziyaretinde bulunarak elini \u00f6pm\u00fc\u015f ve dua istemi\u015fti.<\/p>\n<p>\u0130smaila\u011fa cemaatinin lideri 93 ya\u015f\u0131ndaki Mahmut Ustaosmano\u011flu&#8217;nun hayat\u0131n\u0131 kaybetmesinin ard\u0131ndan tarikat\u0131n liderinin kim olaca\u011f\u0131na dair tart\u0131\u015fmalar artm\u0131\u015ft\u0131.<\/p>\n<p>C\u00fcbbeli Ahmet, &#8220;Mahm\u00fbd Efendi Hazretlerimizin, post-u \u015ferifi \u00fczerindeki s\u0131cakl\u0131\u011f\u0131 hen\u00fcz taze iken kendisinin: &#8216;Onu bana yakla\u015ft\u0131rmay\u0131n, o \u015feytand\u0131r&#8217; buyurdu\u011fu H\u00fcsn\u00fc K\u0131l\u0131\u00e7\u2019\u0131n Efendi Hazretlerimizin makam\u0131n\u0131 i\u015fgal etmesine daha ne kadar tahamm\u00fcl edece\u011fiz&#8221; demi\u015fti.<\/p>\n<p><strong>\u00a0Ahmet Mahmut \u00dcnl\u00fc Kimdir?<\/strong><\/p>\n<p>27 \u015eubat 1965 tarihinde aslen Giresun, G\u00f6releli olan varl\u0131kl\u0131 bir ailenin o\u011flu olarak \u0130stanbul&#8217;un Fatih il\u00e7esine ba\u011fl\u0131 \u00c7ar\u015famba Semtinde d\u00fcnyaya geldi. Babas\u0131n\u0131n ad\u0131 Yusuf, annesinin ad\u0131 ise Rabia&#8217;d\u0131r. Hazinedaro\u011fullar\u0131 unvan\u0131 ile tan\u0131nan atalar\u0131, 18. as\u0131rda bug\u00fcnk\u00fc \u00d6zbekistan s\u0131n\u0131rlar\u0131n\u0131n i\u00e7inde bulunan Buhara \u015fehrinden g\u00f6\u00e7 etmi\u015flerdir. Babas\u0131 Yusuf&#8217;un sahibi oldu\u011fu fabrika, T\u00fcrkiye&#8217;nin en b\u00fcy\u00fck tel \u00e7ivi fabrikas\u0131 haline gelmi\u015ftir.<\/p>\n<p>\u00c7ocukluk ya\u015flar\u0131nda c\u00fcbbeye ilgi duymas\u0131 ve giymesinden dolay\u0131 ada\u015f\u0131 olan ya\u015f\u0131tlar\u0131ndan ay\u0131rt edilmek i\u00e7in C\u00fcbbeli Ahmet olarak \u00e7a\u011fr\u0131lmaya ba\u015fland\u0131.3-4 ya\u015flar\u0131nda iken ilim tahsiline ba\u015flad\u0131. Nak\u015fibendi Tarikat\u0131n\u0131n \u0130smaila\u011fa Kolu olarak bilinen dergah\u0131nda halen liderlik konumunda olan Mahmut Ustaosmano\u011flu taraf\u0131ndan \u00f6zel olarak e\u011fitilen \u00dcnl\u00fc, 11 ya\u015f\u0131na kadar Fatih \u00c7ar\u015famba \u0130smaila\u011fa camiinde medrese e\u011fitimine devam etti.<\/p>\n<p>12 ya\u015f\u0131nda Yavuz Selim ve Kas\u0131mpa\u015fa Camii gibi b\u00fcy\u00fck camilerde verdi\u011fi vaazlar b\u00fcy\u00fck kalabal\u0131klar taraf\u0131ndan izlenmeye ba\u015fland\u0131. Ayn\u0131 ya\u015fta Rize&#8217;nin Pazar il\u00e7esinde T\u00fct\u00fcnc\u00fcler K\u00f6y\u00fc Kur&#8217;an kursunda Res\u00fcl B\u00f6l\u00fckba\u015f\u0131&#8217;ndan Sarf, Nahiv, \u0130lmi Kelam, Meani, Tefsir, Hadis ve F\u0131k\u0131h dallar\u0131nda uzun seneler s\u00fcrecek kitaplar\u0131n tahsilini 20 ayl\u0131k zaman zarf\u0131nda bitirerek 1980 tarihinde onbinlerin kat\u0131l\u0131m\u0131yla tertip edilen merasimde icazet-i ilmiyesini ald\u0131.<\/p>\n<p>\u0130lk defa 1983 y\u0131l\u0131nda 17 ya\u015f\u0131ndayken Hacca giden Mahmut \u00dcnl\u00fc, askerlik zaman\u0131 geldi\u011finde ileri derecede \u015feker hastas\u0131 oldu\u011fu anla\u015f\u0131l\u0131nca askerlikten muaf oldu. \u0130stanbul&#8217;a d\u00f6n\u00fc\u015f\u00fcnden sonra Kefev\u00ee Camii \u0130mam\u0131 Mustafa K\u0131l\u0131\u00e7&#8217;tan 6 ayda haf\u0131zl\u0131\u011f\u0131n\u0131 tamamlad\u0131. \u0130smaila\u011fa Camisinde kurdu\u011fu ders halkalar\u0131nda 10 sene i\u00e7erisinde bir\u00e7ok isim yeti\u015ftirerek hizmetlerine devam eden \u00dcnl\u00fc, T\u00fcrkiye&#8217;nin ve D\u00fcnyan\u0131n muhtelif b\u00f6lgelerinde d\u00fczenledi\u011fi sohbetlerinde, vaazlar\u0131n\u0131 y\u00fcz binlere ula\u015ft\u0131rd\u0131. Yo\u011fun ilgi ve talep sonucunda \u00dcnl\u00fc, merkezi Fatih \u0130l\u00e7esinde olmak \u00fczere bir vak\u0131f kurulmas\u0131na karar verip Fatih Hak Ve Hizmet Vakf\u0131&#8217;n\u0131 1990 y\u0131l\u0131nda kurdu.<\/p>\n<p>1997 y\u0131l\u0131na kadar ailesinin kazanc\u0131 ile ge\u00e7imini sa\u011flayan Ahmet Mahmut \u00dcnl\u00fc, 1997 y\u0131l\u0131nda babas\u0131n\u0131n i\u015flerinin bozulmas\u0131 ve iflas etmesi neticesinde \u00e7ok s\u0131k\u0131nt\u0131l\u0131 g\u00fcnler ge\u00e7irdi. 1997&#8217;den sonra bizzat kendisinin kaleme ald\u0131\u011f\u0131 risalelerin geliri ile ge\u00e7imini sa\u011flad\u0131.1999 G\u00f6lc\u00fck depremi hakk\u0131nda yapt\u0131\u011f\u0131 konu\u015fman\u0131n ard\u0131ndan &#8221;Halk\u0131 din, mezhep ve inan\u00e7 farkl\u0131l\u0131\u011f\u0131 g\u00f6zeterek, birbirine kar\u015f\u0131 kamu d\u00fczeni i\u00e7in tehlikeli olabilecek \u015fekilde d\u00fc\u015fmanl\u0131\u011fa alenen tahrik etmek&#8221; su\u00e7undan 2 y\u0131l 7 ay 3 g\u00fcn hapis cezas\u0131na \u00e7arpt\u0131r\u0131ld\u0131 fakat sadece 13 ay hapis yatt\u0131. Fatih Hak ve Hizmet Vakf\u0131 taraf\u0131ndan \u0130stanbul Beykoz semtindeki 20 d\u00f6n\u00fcm arazi \u00fczerine kurulu k\u00fclliyenin yap\u0131lmas\u0131na \u00f6nderlik etti. K\u00fclliyeye, hazine arazisi \u00fczerinde ka\u00e7ak olarak in\u015fa edilmesinden dolay\u0131 el konuldu ve Hazine&#8217;ye devredildi.<\/p>\n<p>2006 y\u0131l\u0131nda H\u00fcrriyet gazetesinde C\u00fcbbesiz Ahmet Hoca ba\u015fl\u0131\u011f\u0131 ile s\u00fcrman\u015fetten jet ski&#8217;li foto\u011fraflar\u0131 yay\u0131mlanarak haber edilmesiyle tekrar kamuoyunun g\u00fcndemine girdi. 2009 y\u0131l\u0131 yaz\u0131nda barbie bebekler erkekleri tahrik ediyor fetv\u00e2s\u0131 ile tekrar g\u00fcndeme geldi. Bu konu\u015fmas\u0131ndan sonra Habert\u00fcrk TV kanal\u0131nda Fatih Altayl\u0131\u2019n\u0131n sundu\u011fu Teke Tek program\u0131na kat\u0131ld\u0131. \u0130lki 23 Temmuz 2009&#8217;da iki bu\u00e7uk saat s\u00fcren, ikincisi 2 A\u011fustos 2009 olmak \u00fczere be\u015f saat s\u00fcren programlar y\u00fcksek reyting toplad\u0131. Programda, Adapazar\u0131 depremi s\u0131ras\u0131nda yapt\u0131\u011f\u0131 konu\u015fman\u0131n Kur&#8217;an-\u0131 Ker\u00eem ve s\u00fcnnet kaynakl\u0131 oldu\u011funu belirten Ahmet Mahmut \u00dcnl\u00fc, ancak konu\u015fmas\u0131ndan isim ve yer vererek yapt\u0131\u011f\u0131 baz\u0131 ele\u015ftirilerden dolay\u0131 \u00f6z\u00fcr diledi\u011fini bildirdi.<\/p>\n<p>Kendisi Laleg\u00fcl dergisinde dualar ve yaz\u0131lar yazmaktad\u0131r ayr\u0131ca her per\u015fembe ak\u015fam\u0131 Laleg\u00fcl TV&#8217;de ve Laleg\u00fcl Fm&#8217;de sohbet program\u0131 yapmakta, g\u00fcndemle ilgili konular\u0131 Ehl-i S\u00fcnnet dairesi \u00e7er\u00e7evesinde de\u011ferlendirmektedir.<\/p>\n<p>1999 y\u0131l\u0131nda yapt\u0131\u011f\u0131 17 A\u011fustos Depremi konu\u015fmas\u0131ndan \u00f6t\u00fcr\u00fc \u0130stanbul 2 no&#8217;lu Devlet G\u00fcvenlik Mahkemesi&#8217;nce T\u00fcrk Ceza Kanunu&#8217;nun 312. maddesi uyar\u0131nca Halk\u0131 din, mezhep ve inan\u00e7 farkl\u0131l\u0131\u011f\u0131 g\u00f6zeterek birbirine kar\u015f\u0131 kamu d\u00fczeni i\u00e7in tehlikeli olabilecek \u015fekilde d\u00fc\u015fmanl\u0131\u011fa alenen tahrik etmek su\u00e7undan iki y\u0131l yedi ay \u00fc\u00e7 g\u00fcn hapis cezas\u0131na \u00e7arpt\u0131r\u0131ld\u0131.13 ay hapis yatt\u0131.<\/p>\n<p>12 Ekim 2011 tarihinde Karag\u00fcmr\u00fck \u00e7etesi operasyonu kapsam\u0131nda g\u00f6zalt\u0131na al\u0131nd\u0131ktan sonra \u00e7\u0131kar\u0131ld\u0131\u011f\u0131 mahkemede tutukland\u0131. \u00dcnl\u00fc, tutuklulukta ge\u00e7en s\u00fcre ve tutuklaman\u0131n koruma tedbiri olmas\u0131 sebebiyle 7 Aral\u0131k 2012 tarihinde tutuksuz yarg\u0131lanmak \u00fczere tahliye olmu\u015ftur.<\/p>\n<p>Ahmet Mahmut \u00dcnl\u00fc, \u015eifa Ayetleri adl\u0131 eserinde erke\u011fin tenas\u00fcl uzvu i\u00e7in okunacaklar ba\u015fl\u0131\u011f\u0131nda Bakara Suresi&#8217;nin 260. ayetinin bir k\u0131sm\u0131n\u0131n okundu\u011fu suyun tenas\u00fcl uzva serpilmesinin ve Adiyat Suresi&#8217;nin okunup cinsel uzva \u00fcflenmesinin cinsel uzvun zay\u0131fl\u0131\u011f\u0131n\u0131 giderece\u011fini iddia etmesinden \u00f6t\u00fcr\u00fc dini de\u011ferleri a\u015fa\u011f\u0131lad\u0131\u011f\u0131 gerek\u00e7esiyle \u015fikayet\u00e7i olunmas\u0131 \u00fczerine 6 aydan 1 y\u0131la kadar hapis cezas\u0131 talebiyle dava a\u00e7\u0131ld\u0131. Davan\u0131n g\u00f6r\u00fc\u015f\u00fcld\u00fc\u011f\u00fc duru\u015fmada \u015eifa Ayetleri eserini terc\u00fcme yapt\u0131\u011f\u0131n\u0131 kendi yorumunun bulunmad\u0131\u011f\u0131n\u0131 ve konumu gere\u011fi dini de\u011ferleri bilerek a\u015fa\u011f\u0131lamayaca\u011f\u0131n\u0131 belirterek beraatini istemi\u015ftir.<\/p>\n<p>Ahmet Mahmut \u00dcnl\u00fc&#8217;n\u00fcn iki e\u015fi ve 8 \u00e7ocu\u011fu vard\u0131r.<\/p>","protected":false},"excerpt":{"rendered":"<p>Sosyal medyada yay\u0131mlanan videoda Nak\u015fibendi tarikat\u0131na ba\u011fl\u0131 \u0130smaila\u011fa Cemaati&#8217;ne ba\u011fl\u0131 olan olan C\u00fcbbeli Ahmet&#8217;in \u015eeyh Ubeydullah El Kadiri adl\u0131 \u015fah\u0131stan &#8216;\u015feyhlik icazeti&#8217; ald\u0131\u011f\u0131 g\u00f6r\u00fcld\u00fc. Video \u201cElhamd\u00fclillah C\u00fcbbeli Hocam\u0131z da Kadiri \u015feyhi oldu\u201d notuyla payla\u015f\u0131ld\u0131. &nbsp; Kamuoyunda C\u00fcbbeli Ahmet olarak bilinen Ahmet Mahmut \u00dcnl\u00fc, \u0130smaila\u011fa Cemaati\u2019nden ayr\u0131larak Kadiri \u015eeyhi oldu. pic.twitter.com\/o8kg2wiLDF \u2014 Onedio (@onediocom) September 8, [&hellip;]<\/p>\n","protected":false},"author":3,"featured_media":277909,"comment_status":"closed","ping_status":"closed","sticky":false,"template":"","format":"standard","meta":{"footnotes":""},"categories":[2],"tags":[],"class_list":{"0":"post-275746","1":"post","2":"type-post","3":"status-publish","4":"format-standard","5":"has-post-thumbnail","7":"category-gundem"},"_links":{"self":[{"href":"https:\/\/halkweb.com.tr\/de\/wp-json\/wp\/v2\/posts\/275746","targetHints":{"allow":["GET"]}}],"collection":[{"href":"https:\/\/halkweb.com.tr\/de\/wp-json\/wp\/v2\/posts"}],"about":[{"href":"https:\/\/halkweb.com.tr\/de\/wp-json\/wp\/v2\/types\/post"}],"author":[{"embeddable":true,"href":"https:\/\/halkweb.com.tr\/de\/wp-json\/wp\/v2\/users\/3"}],"replies":[{"embeddable":true,"href":"https:\/\/halkweb.com.tr\/de\/wp-json\/wp\/v2\/comments?post=275746"}],"version-history":[{"count":0,"href":"https:\/\/halkweb.com.tr\/de\/wp-json\/wp\/v2\/posts\/275746\/revisions"}],"wp:featuredmedia":[{"embeddable":true,"href":"https:\/\/halkweb.com.tr\/de\/wp-json\/wp\/v2\/media\/277909"}],"wp:attachment":[{"href":"https:\/\/halkweb.com.tr\/de\/wp-json\/wp\/v2\/media?parent=275746"}],"wp:term":[{"taxonomy":"category","embeddable":true,"href":"https:\/\/halkweb.com.tr\/de\/wp-json\/wp\/v2\/categories?post=275746"},{"taxonomy":"post_tag","embeddable":true,"href":"https:\/\/halkweb.com.tr\/de\/wp-json\/wp\/v2\/tags?post=275746"}],"curies":[{"name":"wp","href":"https:\/\/api.w.org\/{rel}","templated":true}]}}