{"id":275617,"date":"2023-09-04T13:26:53","date_gmt":"2023-09-04T10:26:53","guid":{"rendered":"https:\/\/halkweb.com.tr\/?p=275617"},"modified":"2023-09-04T13:26:53","modified_gmt":"2023-09-04T10:26:53","slug":"turhan-comez-uzattigi-eli-tutmayan-bilal-erdogana-goz-muayenesi-yapti","status":"publish","type":"post","link":"https:\/\/halkweb.com.tr\/de\/turhan-comez-uzattigi-eli-tutmayan-bilal-erdogana-goz-muayenesi-yapti\/","title":{"rendered":"Turhan \u00c7\u00f6mez untersuchte die Augen von Bilal Erdo\u011fan, der seine ausgestreckte Hand nicht ergriff!"},"content":{"rendered":"<p>Bal\u0131kesir B\u00fcy\u00fck\u015fehir Belediyesi ve Karesi Belediyesi&#8217;nin ev sahipli\u011fini yapt\u0131\u011f\u0131 &#8220;63. Geleneksel Kurtdereli Mehmet Pehlivan Ya\u011fl\u0131 G\u00fcre\u015fleri&#8221; finali d\u00fcn ger\u00e7ekle\u015ftirildi.<\/p>\n<p>AK Parti milletvekilleri Hulusi Akar ile Vahit Kiri\u015f\u00e7i, \u0130Y\u0130 Parti Milletvekili Turhan \u00c7\u00f6mez, CHP Bal\u0131kesir Milletvekili Serkan Sar\u0131, CHP Yerel Y\u00f6netimlerden Sorumlu CHP Genel Ba\u015fkan Yard\u0131mc\u0131s\u0131 Ahmet Ak\u0131n, D\u00fcnya Etnospor Konfederasyonu Ba\u015fkan\u0131 ve Cumhurba\u015fkan\u0131 Recep Tayyip Erdo\u011fan&#8217;\u0131n o\u011flu Bilal Erdo\u011fan, T\u00fcrkiye Odalar ve Borsalar Birli\u011fi (TOBB) Ba\u015fkan\u0131 Rifat Hisarc\u0131kl\u0131o\u011flu, T\u00fcrkiye Geleneksel G\u00fcre\u015fler Federasyonu Ba\u015fkan\u0131 \u0130brahim T\u00fcrki\u015f, Bal\u0131kesir Valisi \u0130smail Ustao\u011flu, Bal\u0131kesir B\u00fcy\u00fck\u015fehir Belediye Ba\u015fkan\u0131 Y\u00fccel Y\u0131lmaz, Bursa B\u00fcy\u00fck\u015fehir Belediye Ba\u015fkan\u0131 Alinur Akta\u015f, Karesi Belediye Ba\u015fkan\u0131 Din\u00e7er Orkan ile \u00e7ok say\u0131da Bal\u0131kesirli g\u00fcre\u015fleri izledi.<\/p>\n<p>&nbsp;<\/p>\n<blockquote class=\"twitter-tweet\">\n<p dir=\"ltr\" lang=\"tr\">Bilal Erdo\u011fan, \u0130Y\u0130 Partili Turhan \u00c7\u00f6mez\u2019in uzatt\u0131\u011f\u0131 eli s\u0131kmad\u0131.<\/p>\n<p>\u00c7\u00f6mez, Bilal Erdo\u011fan\u2019a g\u00f6z muayenesi yapt\u0131. <a href=\"https:\/\/t.co\/3izkMUy3Bb\">pic.twitter.com\/3izkMUy3Bb<\/a><\/p>\n<p>\u2014 \ud83c\udf99 Muhbir (@ajans_muhbir) <a href=\"https:\/\/twitter.com\/ajans_muhbir\/status\/1698622821285388696?ref_src=twsrc%5Etfw\" target=\"_blank\" rel=\"noopener\">4. September 2023<\/a><\/p><\/blockquote>\n<p><script async src=\"https:\/\/platform.twitter.com\/widgets.js\" charset=\"utf-8\"><\/script><\/p>\n<p><strong>ELLE G\u00d6Z MUAYENES\u0130 YAPTI<\/strong><\/p>\n<p>Bilal Erdo\u011fan kar\u015f\u0131la\u015fmalar\u0131 izlemeye gelen \u0130Y\u0130 Partili ve CHP&#8217;li isimlerle tokala\u015f\u0131rken ayn\u0131 zamanda babas\u0131n\u0131n eski doktoru olan \u0130Y\u0130 Parti Milletvekili Turhan \u00c7\u00f6mez ile tokala\u015fmad\u0131. Ahmet Ak\u0131n&#8217;\u0131n elini s\u0131kan Erdo\u011fan, \u00c7\u00f6mez&#8217;in elini havada b\u0131rakt\u0131. Bir s\u00fcre bekleyen \u00c7\u00f6mez, daha sonra tepki olarak elini birka\u00e7 kez Bilal Erdo\u011fan&#8217;\u0131n y\u00fcz\u00fcn\u00fcn \u00f6n\u00fcnde sallad\u0131.<\/p>\n<p>\u00c7\u00f6mez daha sonra Hulusi Akar ile el s\u0131k\u0131\u015ft\u0131.<\/p>\n<p>Haberi aktaran S\u00f6zc\u00fc TV spikeri ise g\u00f6r\u00fcnt\u00fcler \u00fczerine, &#8220;\u00c7\u00f6mez, bir doktor olarak, acaba g\u00f6zlerinde bir problem var m\u0131 diye bir i\u015faret yapt\u0131 san\u0131yorum&#8221; esprisini yapt\u0131.<\/p>\n<p><strong>BA\u015ePEHL\u0130VAN AL\u0130 G\u00dcRB\u00dcZ OLDU<\/strong><br \/>\n\u00d6te yanda ba\u015f boyunda Orhan Okulu&#8217;yu ma\u011flup eden H\u00fcseyin G\u00fcm\u00fc\u015falan ile Yusuf Can Zeybek&#8217;i yenen Ali G\u00fcrb\u00fcz, finale \u00e7\u0131kt\u0131.<\/p>\n<p>Ali G\u00fcrb\u00fcz, final m\u00fcsabakas\u0131nda rakibi H\u00fcseyin G\u00fcm\u00fc\u015falan&#8217;\u0131 puanlama b\u00f6l\u00fcm\u00fcnde &#8220;tu\u015f&#8221; ederek alt\u0131n kemerin sahibi oldu ve Kurtdereli Ya\u011fl\u0131 G\u00fcre\u015fleri&#8217;nde ba\u015fpehlivanl\u0131\u011f\u0131 kazand\u0131.<\/p>","protected":false},"excerpt":{"rendered":"<p>Bal\u0131kesir B\u00fcy\u00fck\u015fehir Belediyesi ve Karesi Belediyesi&#8217;nin ev sahipli\u011fini yapt\u0131\u011f\u0131 &#8220;63. Geleneksel Kurtdereli Mehmet Pehlivan Ya\u011fl\u0131 G\u00fcre\u015fleri&#8221; finali d\u00fcn ger\u00e7ekle\u015ftirildi. AK Parti milletvekilleri Hulusi Akar ile Vahit Kiri\u015f\u00e7i, \u0130Y\u0130 Parti Milletvekili Turhan \u00c7\u00f6mez, CHP Bal\u0131kesir Milletvekili Serkan Sar\u0131, CHP Yerel Y\u00f6netimlerden Sorumlu CHP Genel Ba\u015fkan Yard\u0131mc\u0131s\u0131 Ahmet Ak\u0131n, D\u00fcnya Etnospor Konfederasyonu Ba\u015fkan\u0131 ve Cumhurba\u015fkan\u0131 Recep Tayyip [&hellip;]<\/p>\n","protected":false},"author":3,"featured_media":277909,"comment_status":"closed","ping_status":"closed","sticky":false,"template":"","format":"standard","meta":{"footnotes":""},"categories":[2],"tags":[],"class_list":{"0":"post-275617","1":"post","2":"type-post","3":"status-publish","4":"format-standard","5":"has-post-thumbnail","7":"category-gundem"},"_links":{"self":[{"href":"https:\/\/halkweb.com.tr\/de\/wp-json\/wp\/v2\/posts\/275617","targetHints":{"allow":["GET"]}}],"collection":[{"href":"https:\/\/halkweb.com.tr\/de\/wp-json\/wp\/v2\/posts"}],"about":[{"href":"https:\/\/halkweb.com.tr\/de\/wp-json\/wp\/v2\/types\/post"}],"author":[{"embeddable":true,"href":"https:\/\/halkweb.com.tr\/de\/wp-json\/wp\/v2\/users\/3"}],"replies":[{"embeddable":true,"href":"https:\/\/halkweb.com.tr\/de\/wp-json\/wp\/v2\/comments?post=275617"}],"version-history":[{"count":0,"href":"https:\/\/halkweb.com.tr\/de\/wp-json\/wp\/v2\/posts\/275617\/revisions"}],"wp:featuredmedia":[{"embeddable":true,"href":"https:\/\/halkweb.com.tr\/de\/wp-json\/wp\/v2\/media\/277909"}],"wp:attachment":[{"href":"https:\/\/halkweb.com.tr\/de\/wp-json\/wp\/v2\/media?parent=275617"}],"wp:term":[{"taxonomy":"category","embeddable":true,"href":"https:\/\/halkweb.com.tr\/de\/wp-json\/wp\/v2\/categories?post=275617"},{"taxonomy":"post_tag","embeddable":true,"href":"https:\/\/halkweb.com.tr\/de\/wp-json\/wp\/v2\/tags?post=275617"}],"curies":[{"name":"wp","href":"https:\/\/api.w.org\/{rel}","templated":true}]}}