{"id":275486,"date":"2023-08-18T19:49:45","date_gmt":"2023-08-18T16:49:45","guid":{"rendered":"https:\/\/halkweb.com.tr\/?p=275486"},"modified":"2023-08-18T19:49:45","modified_gmt":"2023-08-18T16:49:45","slug":"ozdag-reagiert-auf-cubbeli-ahmets-ausserungen-uber-die-armen","status":"publish","type":"post","link":"https:\/\/halkweb.com.tr\/de\/ozdag-reagiert-auf-cubbeli-ahmets-ausserungen-uber-die-armen\/","title":{"rendered":"\u00d6zda\u011f reagiert auf die \u00c4u\u00dferungen von C\u00fcbbeli Ahmet \u00fcber die Armen"},"content":{"rendered":"<p>Ein Video, in dem Ahmet Mahmut \u00dcnl\u00fc, der in der \u00d6ffentlichkeit als \u2018C\u00fcbbeli Ahmet Hodja\u2019 bekannt ist, sagte: \u201cWie k\u00f6nnen die Armen reich sein wollen, wenn sie 500 Jahre vor den Reichen in den Himmel kommen?\u201d wurde in den sozialen Medien zur Tagesordnung.<\/p>\n<p>&nbsp;<\/p>\n<blockquote class=\"twitter-tweet\">\n<p dir=\"ltr\" lang=\"tr\">Hodscha Ahmet, ich will nicht, dass du 500 Jahre lang am Himmelstor wartest. Verteile deinen Reichtum an die Armen und gehe 500 Jahre fr\u00fcher ins Paradies. Ich m\u00f6chte dich auch fragen, ob die reichen Scheichs 500 Jahre sp\u00e4ter ins Paradies kommen als ihre armen J\u00fcnger.<a href=\"https:\/\/twitter.com\/zaferpartisi?ref_src=twsrc%5Etfw\" target=\"_blank\" rel=\"noopener\">@zaferpartisi<\/a>\u2069 <a href=\"https:\/\/t.co\/OBXAAFl9Uw\">pic.twitter.com\/OBXAAFl9Uw<\/a><\/p>\n<p>- \u00dcmit \u00d6zda\u011f (@umitozdag) <a href=\"https:\/\/twitter.com\/umitozdag\/status\/1692565164241907820?ref_src=twsrc%5Etfw\" target=\"_blank\" rel=\"noopener\">18. August 2023<\/a><\/p><\/blockquote>\n<p><script async src=\"https:\/\/platform.twitter.com\/widgets.js\" charset=\"utf-8\"><\/script><\/p>\n<p>Eine weitere Reaktion auf das fragliche Video kam vom Vorsitzenden der Zafer-Partei, \u00dcmit \u00d6zda\u011f.<\/p>\n<p>\u00d6zda\u011f sagte zu \u00dcnl\u00fc: \u201cAhmet Hoca, ich will nicht, dass du 500 Jahre lang am Himmelstor wartest. Verteile deinen Reichtum an die Armen und komm 500 Jahre fr\u00fcher in den Himmel. Ich m\u00f6chte auch fragen, ob reiche Scheichs 500 Jahre sp\u00e4ter in den Himmel kommen als ihre armen J\u00fcnger.\u201d.<\/p>","protected":false},"excerpt":{"rendered":"<p>Kamuoyunda &#8216;C\u00fcbbeli Ahmet Hoca&#8217; olarak bilinen Ahmet Mahmut \u00dcnl\u00fc&#8217;n\u00fcn, &#8220;Fakirler zenginlerden 500 sene \u00f6nce cenente girecekken nas\u0131l zengin olmak istiyor?&#8221; ifadelerini kulland\u0131\u011f\u0131 bir video sosyal medyada g\u00fcndem oldu. &nbsp; Ahmet Hoca, senin 500 sene cennetin kap\u0131s\u0131nda beklemeni hi\u00e7 istemem. Servetini fakirlere da\u011f\u0131t ve 500 sene erken cennete gir. Birde soray\u0131m, zengin \u015feyhler fakir m\u00fcritlerinden 500 [&hellip;]<\/p>\n","protected":false},"author":3,"featured_media":277909,"comment_status":"closed","ping_status":"closed","sticky":false,"template":"","format":"standard","meta":{"footnotes":""},"categories":[2],"tags":[],"class_list":{"0":"post-275486","1":"post","2":"type-post","3":"status-publish","4":"format-standard","5":"has-post-thumbnail","7":"category-gundem"},"_links":{"self":[{"href":"https:\/\/halkweb.com.tr\/de\/wp-json\/wp\/v2\/posts\/275486","targetHints":{"allow":["GET"]}}],"collection":[{"href":"https:\/\/halkweb.com.tr\/de\/wp-json\/wp\/v2\/posts"}],"about":[{"href":"https:\/\/halkweb.com.tr\/de\/wp-json\/wp\/v2\/types\/post"}],"author":[{"embeddable":true,"href":"https:\/\/halkweb.com.tr\/de\/wp-json\/wp\/v2\/users\/3"}],"replies":[{"embeddable":true,"href":"https:\/\/halkweb.com.tr\/de\/wp-json\/wp\/v2\/comments?post=275486"}],"version-history":[{"count":0,"href":"https:\/\/halkweb.com.tr\/de\/wp-json\/wp\/v2\/posts\/275486\/revisions"}],"wp:featuredmedia":[{"embeddable":true,"href":"https:\/\/halkweb.com.tr\/de\/wp-json\/wp\/v2\/media\/277909"}],"wp:attachment":[{"href":"https:\/\/halkweb.com.tr\/de\/wp-json\/wp\/v2\/media?parent=275486"}],"wp:term":[{"taxonomy":"category","embeddable":true,"href":"https:\/\/halkweb.com.tr\/de\/wp-json\/wp\/v2\/categories?post=275486"},{"taxonomy":"post_tag","embeddable":true,"href":"https:\/\/halkweb.com.tr\/de\/wp-json\/wp\/v2\/tags?post=275486"}],"curies":[{"name":"wp","href":"https:\/\/api.w.org\/{rel}","templated":true}]}}