{"id":275483,"date":"2023-08-18T12:52:39","date_gmt":"2023-08-18T09:52:39","guid":{"rendered":"https:\/\/halkweb.com.tr\/?p=275483"},"modified":"2023-08-18T12:52:39","modified_gmt":"2023-08-18T09:52:39","slug":"ahmet-hakandan-lobt-die-akp-politik-von-imamoglu","status":"publish","type":"post","link":"https:\/\/halkweb.com.tr\/de\/ahmet-hakandan-lobt-die-akp-politik-von-imamoglu\/","title":{"rendered":"Ahmet Hakan lobt die Imamo\u011flu-Politik der AKP"},"content":{"rendered":"<p>Ahmet Hakan stellte fest, dass der Streit der AKP-Regierung mit Ekrem \u0130mamo\u011flu f\u00fcr \u0130mamo\u011flu von Vorteil war, und schrieb, dass es die richtige Politik war, dass Mehmet \u00d6zhaseki, Mehmet \u015eim\u015fek und Verkehrsminister Abdulkadir Uralo\u011flu sich mit dem B\u00fcrgermeister der IBB trafen.<\/p>\n<p>Der Artikel von Ahmet Hakan lautet wie folgt:<\/p>\n<p>Was war die Politik der AK-Partei von Imamo\u011flu bis zu diesem Zeitpunkt?<\/p>\n<p>Zumindest hatte ich den Eindruck, dass es mehr oder weniger so war:<\/p>\n<p>Wir sollten uns mit Imamoglu befassen. Lasst uns niemals einen Dialog f\u00fchren. Lasst uns den Ball niemals weitergeben. Lasst uns in jeder Situation polemisieren. Lasst uns heftig k\u00e4mpfen.<\/p>\n<p>So funktioniert die Imamo\u011flu-Politik<\/p>\n<p>Aufgrund dieser Politik hat Imamoglu...<\/p>\n<p>Er hat von der Polarisierung in vollem Umfang profitiert, er war in einem Ausma\u00df auf der Tagesordnung, das er nicht verdient hat, aber das Thema kam nie zu seinem Auftritt.<\/p>\n<p>Kurz gesagt, diese Politik beg\u00fcnstigte \u0130mamo\u011flu, aber nicht die AK-Partei.<\/p>\n<p>So funktioniert die Imamo\u011flu-Politik<\/p>\n<p>Ich glaube, diese Politik \u00e4ndert sich jetzt.<\/p>\n<p>In Bezug auf Imamo\u011flu beginnt leise eine Phase der Normalisierung.<\/p>\n<p>Das erste Zeichen daf\u00fcr setzte Mehmet \u00d6zhaseki, Minister f\u00fcr Umwelt und Urbanisierung. \u00d6zhaseki lud die IMM auch zu den Studien \u00fcber Istanbul und das Erdbeben ein.<\/p>\n<p>Anschlie\u00dfend traf Finanzminister Mehmet \u015eim\u015fek mit Imamo\u011flu in Ankara zusammen.<\/p>\n<p>Und erst k\u00fcrzlich traf Verkehrsminister Abdulkadir Uralo\u011flu mit Imamo\u011flu zusammen.<\/p>\n<p><img decoding=\"async\" src=\"https:\/\/i4.hurimg.com\/i\/hurriyet\/75\/770x0\/64de978b4e3fe00fb40394c4.jpg\" alt=\"So funktioniert die Imamo\u011flu-Politik\" \/><\/p>\n<p>Darf ich Ihnen etwas sagen?<\/p>\n<p>Dieser Politikwechsel wird Imamo\u011flu die Arbeit erschweren und der AK-Partei die Arbeit erleichtern.<\/p>\n<p><strong>MACHT DIE POLITIK DIE KARRIEREPLANUNG ZUNICHTE?<\/strong><\/p>\n<p>Seit seiner Wahl zum B\u00fcrgermeister von Istanbul hat Imamo\u011flu versucht, seine politische Karriere zu planen.<\/p>\n<p>Obwohl er sein B\u00fcrgermeisteramt noch nicht ganz verwirklicht hatte, begann er zu sagen: \u201cIstanbul ist fertig, lasst uns den n\u00e4chsten Schritt machen\u201d.<\/p>\n<p>Es wird davon ausgegangen, dass er einen Karriereplan schmiedete, als er beschloss, auf seine Kandidatur f\u00fcr den CHP-Vorsitz zu verzichten und f\u00fcr das Amt des B\u00fcrgermeisters von Istanbul zu kandidieren.<\/p>\n<p>Der Plan sieht folgenderma\u00dfen aus:<\/p>\n<p>Zuerst werde ich zum B\u00fcrgermeister gew\u00e4hlt. Dann werde ich als Pr\u00e4sident kandidieren.<\/p>\n<p>Es w\u00e4re sinnvoll, wenn jemand Imamo\u011flu Folgendes ins Ohr fl\u00fcstern w\u00fcrde:<\/p>\n<p>Die Politik ist kein Bereich, der sich f\u00fcr eine Karriereplanung eignet. Ein Politiker, der eine Karriereplanung macht, kann nur eine gro\u00dfe Entt\u00e4uschung erwarten. Ein Politiker wird dem Amt gerecht, das er bekleidet. Der Rest kommt von allein.<\/p>","protected":false},"excerpt":{"rendered":"<p>AKP iktidar\u0131n\u0131n Ekrem \u0130mamo\u011flu ile kavgal\u0131 bir g\u00f6r\u00fcnt\u00fc vermesinin \u0130mamo\u011flu&#8217;na yarad\u0131\u011f\u0131n\u0131 kaydeden Ahmet Hakan, Mehmet \u00d6zhaseki, Mehmet \u015eim\u015fek ve Ula\u015ft\u0131rma Bakan\u0131 Abdulkadir Uralo\u011flu&#8217;nun \u0130BB Ba\u015fkan\u0131 ile g\u00f6r\u00fc\u015fmesinin do\u011fru bir politika oldu\u011funu yazd\u0131. Ahmet Hakan&#8217;\u0131n yaz\u0131s\u0131 \u015f\u00f6yle: AK Parti\u2019nin bu zamana kadar izledi\u011fi \u0130mamo\u011flu politikas\u0131 nas\u0131ld\u0131? En az\u0131ndan izlenim olarak a\u015fa\u011f\u0131 yukar\u0131 \u015f\u00f6yle bir \u015feydi: \u0130mamo\u011flu\u2019yla [&hellip;]<\/p>\n","protected":false},"author":3,"featured_media":277909,"comment_status":"closed","ping_status":"closed","sticky":false,"template":"","format":"standard","meta":{"footnotes":""},"categories":[2],"tags":[],"class_list":{"0":"post-275483","1":"post","2":"type-post","3":"status-publish","4":"format-standard","5":"has-post-thumbnail","7":"category-gundem"},"_links":{"self":[{"href":"https:\/\/halkweb.com.tr\/de\/wp-json\/wp\/v2\/posts\/275483","targetHints":{"allow":["GET"]}}],"collection":[{"href":"https:\/\/halkweb.com.tr\/de\/wp-json\/wp\/v2\/posts"}],"about":[{"href":"https:\/\/halkweb.com.tr\/de\/wp-json\/wp\/v2\/types\/post"}],"author":[{"embeddable":true,"href":"https:\/\/halkweb.com.tr\/de\/wp-json\/wp\/v2\/users\/3"}],"replies":[{"embeddable":true,"href":"https:\/\/halkweb.com.tr\/de\/wp-json\/wp\/v2\/comments?post=275483"}],"version-history":[{"count":0,"href":"https:\/\/halkweb.com.tr\/de\/wp-json\/wp\/v2\/posts\/275483\/revisions"}],"wp:featuredmedia":[{"embeddable":true,"href":"https:\/\/halkweb.com.tr\/de\/wp-json\/wp\/v2\/media\/277909"}],"wp:attachment":[{"href":"https:\/\/halkweb.com.tr\/de\/wp-json\/wp\/v2\/media?parent=275483"}],"wp:term":[{"taxonomy":"category","embeddable":true,"href":"https:\/\/halkweb.com.tr\/de\/wp-json\/wp\/v2\/categories?post=275483"},{"taxonomy":"post_tag","embeddable":true,"href":"https:\/\/halkweb.com.tr\/de\/wp-json\/wp\/v2\/tags?post=275483"}],"curies":[{"name":"wp","href":"https:\/\/api.w.org\/{rel}","templated":true}]}}