{"id":275471,"date":"2023-08-17T14:39:25","date_gmt":"2023-08-17T11:39:25","guid":{"rendered":"https:\/\/halkweb.com.tr\/?p=275471"},"modified":"2023-08-17T14:39:25","modified_gmt":"2023-08-17T11:39:25","slug":"neues-angebot-zur-gehaltserhohung-fur-beamte-und-beamtenpensionare-beamter-sen-ruhte","status":"publish","type":"post","link":"https:\/\/halkweb.com.tr\/de\/neues-angebot-zur-gehaltserhohung-fur-beamte-und-beamtenpensionare-beamter-sen-ruhte\/","title":{"rendered":"Neues Angebot zur Gehaltserh\u00f6hung f\u00fcr Beamte und Beamtenpension\u00e4re, Memur Sen zieht zur\u00fcck"},"content":{"rendered":"<p>Memur ve memur emeklilerinin 2024-2025 y\u0131llar\u0131n\u0131 kapsayan 7. D\u00f6nem Kamu Toplu S\u00f6zle\u015fmesi g\u00f6r\u00fc\u015fmelerinde s\u00fcre\u00e7 devam ediyor.<\/p>\n<p>\u00c7al\u0131\u015fma ve Sosyal G\u00fcvenlik Bakan\u0131 Vedat I\u015f\u0131khan ile toplu s\u00f6zle\u015fme masas\u0131nda yetkili konfederasyon olarak yer alan Memur-Sen \u00fc\u00e7\u00fcnc\u00fc kez bir araya geldi.<\/p>\n<p>Bakan I\u015f\u0131khan, toplant\u0131 \u00f6ncesi h\u00fck\u00fcmetin ikinci teklifini a\u00e7\u0131klad\u0131.<\/p>\n<p><strong>\u0130K\u0130NC\u0130 ZAM TEKL\u0130F\u0130<\/strong><\/p>\n<p>2024&#8217;te ilk 6 ay i\u00e7in y\u00fczde 15, ikinci 6 ay i\u00e7in y\u00fczde 10 zam teklif edildi. 2025 zam teklifi ilk 6 ay i\u00e7in y\u00fczde 6, ikinci 6 ay i\u00e7in y\u00fczde 5 oldu.<\/p>\n<p>H\u00fck\u00fcmet 2024 i\u00e7in teklifleri birer puan art\u0131r\u0131rken, 2025 i\u00e7in de\u011fi\u015fikli\u011fe gitmedi.<\/p>\n<p><strong>&#8220;OCAK AYINDA Y\u00dcZDE 43&#8217;L\u00dcK ARTI\u015e&#8221;<\/strong><\/p>\n<p>Bakan I\u015f\u0131khan, enflasyon tahminleri dikkate al\u0131nd\u0131\u011f\u0131nda 2024 Ocak&#8217;ta y\u00fczde 43&#8217;l\u00fck art\u0131\u015f \u00f6ng\u00f6r\u00fcld\u00fc\u011f\u00fcn\u00fc, 2024&#8217;\u00fcn ikinci 6 ayl\u0131k zamm\u0131yla birlikte k\u00fcm\u00fclatif olarak art\u0131\u015f oran\u0131n\u0131n y\u00fczde 57&#8217;yi bulaca\u011f\u0131n\u0131 s\u00f6yledi.<\/p>\n<p><strong>&#8220;3600 EK G\u00d6STERGE \u0130\u00c7\u0130N \u00c7ALI\u015eMA YAPACA\u011eIZ&#8221;<\/strong><\/p>\n<p>Bakan I\u015f\u0131khan teklif \u00f6ncesindeki konu\u015fmas\u0131nda \u015funlar\u0131 s\u00f6yledi:<\/p>\n<p>&#8220;Sadece mali haklar de\u011fil, sosyal haklara ili\u015fkin \u00e7ok say\u0131da teklif maddesi bulunmaktad\u0131r. Bug\u00fcn m\u00fczakerelerle geldi\u011fimiz nokta \u00fczerinde uzla\u015faca\u011f\u0131m\u0131z \u00e7ok say\u0131da maddemiz bulundu\u011funu g\u00f6stermektedir. Birinci dereceye ula\u015fan t\u00fcm kamu g\u00f6revlilere 3600 ek g\u00f6sterge i\u00e7in yetkili konfederasyonla birlikte \u00e7al\u0131\u015fma yapaca\u011f\u0131z. Belirli \u015fartlarda disiplin aff\u0131 \u00e7al\u0131\u015fmas\u0131 yapaca\u011f\u0131z. G\u00f6revde y\u00fckselme s\u0131navlar\u0131n\u0131n belli s\u00fcre ve d\u00fczenli aral\u0131klarla yap\u0131lmas\u0131 i\u00e7in \u00e7al\u0131\u015fmalar\u0131 s\u00fcrd\u00fcrece\u011fiz. Hac izni verilmesi konusu, TOK\u0130 konutlar\u0131nda evi olmayanlara \u00f6ncelik verilmesi konusunda payda\u015flar\u0131m\u0131zla yak\u0131n isti\u015fare i\u00e7inde bulunaca\u011f\u0131z.&#8221;<\/p>\n<p><strong>MEMUR-SEN: ANLA\u015eILMADI\u011eIMIZ ANLAMINA GEL\u0130YOR<\/strong><\/p>\n<p>Memur-Sen Genel Ba\u015fkan\u0131 Ali Yal\u00e7\u0131n, 7. D\u00f6nem Kamu Toplu S\u00f6zle\u015fme g\u00f6r\u00fc\u015fmeleri kapsam\u0131nda \u00c7al\u0131\u015fma ve Sosyal G\u00fcvenlik Bakanl\u0131\u011f\u0131\u2019nda yap\u0131lan toplant\u0131n\u0131n ard\u0131ndan bakanl\u0131k \u00f6n\u00fcnde a\u00e7\u0131klama yapt\u0131. H\u00fck\u00fcmetin ikinci teklifini de\u011ferlendiren Yal\u00e7\u0131n, \u015funlar\u0131 s\u00f6yledi:<\/p>\n<p>\u201cBug\u00fcn ikinci teklif ifade edildi. Toplu s\u00f6zle\u015fmenin tekliflerinin sunulu\u015funun 24\u2019\u00fcnc\u00fc, m\u00fczakere s\u00fcrecinin 17\u2019nci g\u00fcn\u00fc. Gelen teklife bakt\u0131\u011f\u0131m\u0131zda 15 art\u0131 10, 6 art\u0131 5. Bir \u00f6nceki tekliften iki puan \u00fcst\u00fcne \u00e7\u0131k\u0131lm\u0131\u015f olmas\u0131 kamu g\u00f6revlilerin beklentilerinin ve bizim teklifimizin anla\u015f\u0131lmad\u0131\u011f\u0131n\u0131, bizim anla\u015f\u0131lmad\u0131\u011f\u0131m\u0131z\u0131 g\u00f6steriyor. Bu a\u00e7\u0131dan \u00f6ncelikle hayretlerimi ifade ediyorum.<\/p>\n<p><strong>\u201cKAPI G\u0130B\u0130 Y\u00dcZDE 33 DURURKEN\u201d<\/strong><\/p>\n<p>Merkez Bankas\u0131\u2019n\u0131n 2024 y\u0131l\u0131 enflasyon hedefini kap\u0131 gibi y\u00fczde 33 olarak ortada dururken, tekliflerin 23\u2019l\u00fc, 25\u2019li rakamlarda geziyor olmas\u0131, ikinci y\u0131la herhangi bir c\u00fcmle kurmadan, ikinci teklifin a\u00e7\u0131klan\u0131yor olmas\u0131 hakikaten anla\u015f\u0131labilir de\u011fil. Bu masan\u0131n \u00e7\u00f6z\u00fcm masas\u0131 oldu\u011funa biz her zaman inand\u0131k ve ona g\u00f6re m\u00fccadele ettik. Bug\u00fcn ikinci teklif ifade edilirken, sosyal haklara ili\u015fkin birinci derece 3600 ek g\u00f6sterge, disiplin aff\u0131, g\u00f6revde unvan de\u011fi\u015fikli\u011fi, mobbing izleme kurulu, TOK\u0130 konutlar\u0131nda kamu g\u00f6revlilerine \u00f6ncelik verilmesi gibi sosyal haklara ili\u015fkin de c\u00fcmle kurulmu\u015f olmas\u0131 sadece masan\u0131n iyimser taraf\u0131 buras\u0131 diyorum.<\/p>\n<p><strong>\u201cZAMANIN DARALDI\u011eI B\u0130R ZEM\u0130NDEY\u0130Z\u201d<\/strong><\/p>\n<p>Hizmet kollar\u0131nda bu kadar s\u00fcre ge\u00e7mesine ra\u011fmen daha yeni ba\u015flayabildik. Birka\u00e7 hizmet kolunu g\u00f6r\u00fc\u015febildik, di\u011fer hizmet kollar\u0131 \u00f6n\u00fcm\u00fczde duruyor. Bu a\u00e7\u0131dan masan\u0131n hi\u00e7 kesintisiz i\u015flemesine ihtiya\u00e7 var, \u00e7\u00fcnk\u00fc zaman\u0131n darald\u0131\u011f\u0131 bir zemindeyiz. Hem masay\u0131 i\u015fletmeli hem de bu teklifleri bir an \u00f6nce ciddi rakamlar olacak \u015fekilde yeniden getirmeli. Bu masada refah pay\u0131 g\u00fcndemi g\u00f6rmezden gelinmemeli. Say\u0131n Cumhurba\u015fkan\u0131m\u0131z\u0131n se\u00e7im beyannamesinde 2023-2024 y\u0131llar\u0131n\u0131 kastederek, b\u00fcy\u00fcme oran\u0131n\u0131 dikkate alarak \u2018kamu g\u00f6revlilerine refah pay\u0131 verece\u011fiz\u2019 vaadi, se\u00e7im beyannamesi kap\u0131 gibi duruyor. Masada 1650 TL talebimizle ilgili h\u00fck\u00fcm hen\u00fcz konu\u015fulmad\u0131. Kiralarla ilgili c\u00fcmle hen\u00fcz kurulmad\u0131. 8077 TL\u2019nin emekli keseneklerine say\u0131lmas\u0131, emeklilerin durumunun d\u00fczeltilmesine ili\u015fkin hen\u00fcz masada hen\u00fcz bir c\u00fcmle yok.<\/p>\n<p><strong>\u201cDO\u011eRU D\u00dcZG\u00dcN B\u0130R TEKL\u0130FLE GEL\u0130NMES\u0130N\u0130 BURADAN \u0130FADE ED\u0130YORUZ\u201d<\/strong><\/p>\n<p>Masay\u0131 sonuna kadar i\u015fletece\u011fiz, biz \u00e7\u00f6z\u00fcm taraf\u0131y\u0131z. Masada sorunlar\u0131m\u0131z\u0131n \u00e7\u00f6z\u00fclmesini istiyoruz. Bu tekliflerin yeniden g\u00f6zden ge\u00e7irilmesini, do\u011fru d\u00fczg\u00fcn ciddi teklifle gelinmesini buradan ifade ediyoruz. Refah pay\u0131n\u0131n olmad\u0131\u011f\u0131, demin ifade etti\u011fim ba\u015fl\u0131klar\u0131n olmad\u0131\u011f\u0131 rakamlar\u0131n y\u00fczde 23\u2019ten 25\u2019e \u00e7\u0131kar\u0131larak, ikinci teklif diye sunuldu\u011fu bu zeminde konu\u015fulacak \u00e7ok fazla bir \u015fey yok. Ama biz masan\u0131n \u00e7\u00f6z\u00fcm g\u00fcc\u00fcne inan\u0131yoruz \u00e7\u00fcnk\u00fc kamu g\u00f6revlilerinin beklentileri buraya ba\u011fl\u0131. Biz \u015fu an\u0131 konu\u015fmuyoruz, 2024- 2025\u2019in toplu s\u00f6zle\u015fmesini yap\u0131yoruz. Onun i\u00e7in \u00f6n\u00fcm\u00fczdeki s\u00fcre\u00e7te kamu g\u00f6revlilerinin, memur emeklilerinin ma\u011fdur olmamas\u0131 a\u00e7\u0131s\u0131ndan bu masa \u00e7\u00f6z\u00fcm kapasitesini art\u0131rmal\u0131. Bunun yolu da Maliye\u2019den, \u00c7al\u0131\u015fma Bakan\u0131m\u0131zdan, Kamu \u0130\u015fveren Heyeti\u2019nden ge\u00e7iyor. Onun i\u00e7in Kamu \u0130\u015fveren Heyeti\u2019ni bir an \u00f6nce bu konuda yeniden de\u011ferlendirme yapmaya davet ediyorum.\u201d<\/p>\n<p><strong>\u201cSEND\u0130KA NASIL ADIM ATARSA ONLARI ATACA\u011eIZ\u201d<\/strong><\/p>\n<p>Yal\u00e7\u0131n, tekliflerinin kabul edilmemesi halinde nas\u0131l bir ad\u0131m atacaklar\u0131 y\u00f6n\u00fcndeki soru \u00fczerine \u201cBiz sendikay\u0131z, bir sendika nas\u0131l ad\u0131m atarsa onlar\u0131 ataca\u011f\u0131z. Dolay\u0131s\u0131yla biz burada iyi niyetle bu masaday\u0131z. \u00c7\u00f6z\u00fcm i\u00e7in zorluyoruz, umudumuzu hi\u00e7bir zaman kaybetmedik. Hep umudumuzu koruduk\u201d diye yan\u0131t verdi.<\/p>\n<p><strong>\u0130LK ZAM TEKL\u0130F\u0130 NEYD\u0130?<\/strong><\/p>\n<p>H\u00fck\u00fcmet ilk zam teklifini 14 A\u011fustos&#8217;ta a\u00e7\u0131klam\u0131\u015ft\u0131. Buna g\u00f6re, 2024&#8217;te ilk 6 ay i\u00e7in y\u00fczde 14, ikinci 6 ay i\u00e7in y\u00fczde 9 zam teklif edildi. 2025 zam teklifi ilk 6 ay i\u00e7in y\u00fczde 6, ikinci 6 ay i\u00e7in y\u00fczde 5 oldu.<\/p>\n<p>Memur-Sen, teklifin yetersiz oldu\u011funu belirterek rakam\u0131n revize edilmesini talep etmi\u015fti.<\/p>\n<p><strong>G\u00d6R\u00dc\u015eME S\u00dcREC\u0130 NASIL \u0130\u015eLEYECEK?<\/strong><\/p>\n<p>Yine anla\u015fma sa\u011flanmamas\u0131 durumunda 22 A\u011fustos&#8217;ta yeni teklif masaya gelecek. Taraflar\u0131n bu tarihte de anla\u015famamas\u0131 durumunda Kamu G\u00f6revlileri Hakem Kurulu&#8217;na ba\u015fvurulacak. Bu a\u015famada kurul, en ge\u00e7 ay sonuna kadar s\u00f6zle\u015fmeye dair karar\u0131n\u0131 a\u00e7\u0131klayacak.<\/p>\n<p><strong>MEMURLAR NE \u0130ST\u0130YOR?<\/strong><\/p>\n<p>Memur-Sen, 2024 i\u00e7in 3&#8217;er ayl\u0131k d\u00f6nemler itibar\u0131yla refah pay\u0131 dahil birinci 3 ayda y\u00fczde 35, ikinci 3 ayda y\u00fczde 10, \u00fc\u00e7\u00fcnc\u00fc 3 ayda y\u00fczde 15, d\u00f6rd\u00fcnc\u00fc 3 ayda y\u00fczde 10 art\u0131\u015f istemi\u015fti.<\/p>\n<p>Konfederasyon, 2025 i\u00e7in ise 6&#8217;\u015far ayl\u0131k d\u00f6nemler itibar\u0131yla refah pay\u0131 dahil birinci 6 ayda y\u00fczde 25 ve ikinci 6 ayda y\u00fczde 15 zam talep etmi\u015fti.<\/p>\n<p>Kira deste\u011fi, bayram ikramiyesi ve memura yap\u0131lan seyyanen zamm\u0131n emekliye de yans\u0131t\u0131lmas\u0131 talepler aras\u0131ndayd\u0131.<\/p>","protected":false},"excerpt":{"rendered":"<p>Memur ve memur emeklilerinin 2024-2025 y\u0131llar\u0131n\u0131 kapsayan 7. D\u00f6nem Kamu Toplu S\u00f6zle\u015fmesi g\u00f6r\u00fc\u015fmelerinde s\u00fcre\u00e7 devam ediyor. \u00c7al\u0131\u015fma ve Sosyal G\u00fcvenlik Bakan\u0131 Vedat I\u015f\u0131khan ile toplu s\u00f6zle\u015fme masas\u0131nda yetkili konfederasyon olarak yer alan Memur-Sen \u00fc\u00e7\u00fcnc\u00fc kez bir araya geldi. Bakan I\u015f\u0131khan, toplant\u0131 \u00f6ncesi h\u00fck\u00fcmetin ikinci teklifini a\u00e7\u0131klad\u0131. \u0130K\u0130NC\u0130 ZAM TEKL\u0130F\u0130 2024&#8217;te ilk 6 ay i\u00e7in y\u00fczde [&hellip;]<\/p>\n","protected":false},"author":3,"featured_media":277909,"comment_status":"closed","ping_status":"closed","sticky":false,"template":"","format":"standard","meta":{"footnotes":""},"categories":[4,2],"tags":[],"class_list":{"0":"post-275471","1":"post","2":"type-post","3":"status-publish","4":"format-standard","5":"has-post-thumbnail","7":"category-ekonomi","8":"category-gundem"},"_links":{"self":[{"href":"https:\/\/halkweb.com.tr\/de\/wp-json\/wp\/v2\/posts\/275471","targetHints":{"allow":["GET"]}}],"collection":[{"href":"https:\/\/halkweb.com.tr\/de\/wp-json\/wp\/v2\/posts"}],"about":[{"href":"https:\/\/halkweb.com.tr\/de\/wp-json\/wp\/v2\/types\/post"}],"author":[{"embeddable":true,"href":"https:\/\/halkweb.com.tr\/de\/wp-json\/wp\/v2\/users\/3"}],"replies":[{"embeddable":true,"href":"https:\/\/halkweb.com.tr\/de\/wp-json\/wp\/v2\/comments?post=275471"}],"version-history":[{"count":0,"href":"https:\/\/halkweb.com.tr\/de\/wp-json\/wp\/v2\/posts\/275471\/revisions"}],"wp:featuredmedia":[{"embeddable":true,"href":"https:\/\/halkweb.com.tr\/de\/wp-json\/wp\/v2\/media\/277909"}],"wp:attachment":[{"href":"https:\/\/halkweb.com.tr\/de\/wp-json\/wp\/v2\/media?parent=275471"}],"wp:term":[{"taxonomy":"category","embeddable":true,"href":"https:\/\/halkweb.com.tr\/de\/wp-json\/wp\/v2\/categories?post=275471"},{"taxonomy":"post_tag","embeddable":true,"href":"https:\/\/halkweb.com.tr\/de\/wp-json\/wp\/v2\/tags?post=275471"}],"curies":[{"name":"wp","href":"https:\/\/api.w.org\/{rel}","templated":true}]}}