{"id":275465,"date":"2023-08-17T07:25:57","date_gmt":"2023-08-17T04:25:57","guid":{"rendered":"https:\/\/halkweb.com.tr\/?p=275465"},"modified":"2023-08-17T07:25:57","modified_gmt":"2023-08-17T04:25:57","slug":"ozgur-ozel-imamoglu-und-ich-haben-einen-gemeinsamen-traum","status":"publish","type":"post","link":"https:\/\/halkweb.com.tr\/de\/ozgur-ozel-imamoglu-und-ich-haben-einen-gemeinsamen-traum\/","title":{"rendered":"\u00d6zg\u00fcr \u00d6zel: Wir haben einen gemeinsamen Traum mit Imamo\u011flu"},"content":{"rendered":"<p>\u00d6zg\u00fcr \u00d6zel, der zu den Kandidaten geh\u00f6rt, sagte: \u201cWenn es einen Wandel und eine Ver\u00e4nderung in der CHP geben wird, dann durch Einigung, nicht durch Trennung. Wir werden den Wandel nicht in Fronten aufteilen. Wir sehen einen Wandel vor, der auch diejenigen einschlie\u00dft, die gegen den Wandel sind.\u201d.<\/p>\n<p>Mit dem Istanbuler B\u00fcrgermeister Ekrem \u0130mamo\u011flu habe man \u201ceinen gemeinsamen Traum\u201d, sagte \u00d6zel von der CHP: \u201cWir haben einen gemeinsamen Traum mit \u0130mamo\u011flu, und wenn ich ein Amt in der CHP \u00fcbernehme, werde ich in Harmonie mit \u0130mamo\u011flu arbeiten.\u201d.<\/p>\n<p>Hier sind die Highlights des Interviews von S\u00f6zc\u00fc Daily-Kolumnist \u0130smail Saymaz mit dem CHP-Fraktionsvorsitzenden \u00d6zg\u00fcr \u00d6zel...<\/p>\n<p><em>- Imamo\u011flu hat seine Aufmerksamkeit auf die IBB gerichtet. Was meinen Sie dazu?<\/em><\/p>\n<p>\u201cDas war eine Entscheidung, die ich erwartet habe. Die Istanbuler m\u00fcssen sehr zufrieden sein. Das Istanbuler B\u00fcndnis ist das beste Beispiel f\u00fcr ein erfolgreiches B\u00fcndnis gegen die AKP. Nur Imamo\u011flu konnte dieses B\u00fcndnis aufrechterhalten. Der Satz \u201cWer Istanbul gewinnt, gewinnt die T\u00fcrkei\u201d ist eine wichtige Aussage f\u00fcr die Zukunft. Es ist eine wertvolle Entscheidung f\u00fcr die Zukunft Istanbuls und der T\u00fcrkei. Ekrem Mayor hat drei Entscheidungen auf einmal getroffen. Die richtige Entscheidung f\u00fcr ihn selbst, f\u00fcr Istanbul und f\u00fcr die T\u00fcrkei.\u201d<\/p>\n<p><em>- Es wird gemunkelt, dass er 2028 f\u00fcr das Pr\u00e4sidentenamt kandidieren m\u00f6chte.<\/em><\/p>\n<p>\u201cWas dieses Ziel betrifft, so denke ich, dass ein erneuter Sieg in Istanbul der wichtigste Meilenstein sein wird. Wenn Istanbul gewonnen wird, wird Imamo\u011flu seinen vierten Sieg in Folge gegen die AKP erringen. Er wird Istanbul dreimal gewonnen haben. Und wir werden fragen: \u201cWie oft muss Imamo\u011flu euch noch schlagen?\u201d<\/p>\n<p><em>- Imamo\u011flu sagte: \u201cDie CHP hat S\u00f6hne, die ihre Geschichte kennen und eine saubere Bilanz haben\u201d.<\/em><\/p>\n<p>\u201cEs ist nicht nur f\u00fcr mich wichtig und wertvoll, sondern auch f\u00fcr viele junge Freunde, die in der CHP nicht erw\u00e4hnt werden.<br \/>\nIch habe Ihnen gesagt, dass ich die Verantwortung f\u00fcr das Amt des Generaldirektors \u00fcbernehmen k\u00f6nnte. Wir befinden uns in einem Prozess, in dem unsere Namen genannt werden. Ich habe meine Kandidatur noch nicht angek\u00fcndigt, aber als einer der meistgenannten Namen finde ich die Antwort des Pr\u00e4sidenten h\u00f6flich\u201d.\u201d<\/p>\n<p><em>- Wann werden Sie Ihre Kandidatur bekannt geben?<\/em><\/p>\n<p>\u201cUnsere Organisation ist derzeit mit Bezirkskongressen besch\u00e4ftigt. Die Spannung in der Partei ist gro\u00df. In diesem kritischen Prozess versuchen wir, das Richtige zu tun, ohne die Partei in der \u00f6ffentlichen Meinung in eine schwierige Situation zu bringen, indem wir die Wertsch\u00e4tzung zeigen, die unser Generalsekret\u00e4r verdient, und uns nicht vor der Verantwortung dr\u00fccken, die uns die Geschichte auferlegt. Der Prozess wird sich noch ein wenig beschleunigen.<\/p>\n<p>Diejenigen, die auf einen Wandel hoffen, diejenigen, die sich \u00fcber die Partei \u00e4rgern, diejenigen, die ihren Unmut zum Ausdruck bringen, und diejenigen, die sagen, dass sie nicht zur Wahl gehen werden, wenn sich nichts \u00e4ndert, warten ab, ob sich etwas \u00e4ndern wird. Niemand sollte verzweifeln, wir werden unseren Teil dazu beitragen.\u201d<\/p>\n<p><em>- Handeln Sie gemeinsam mit Imamo\u011flu? Ist Ihre Beziehung \u00e4hnlich wie die zwischen Erdo\u011fan und G\u00fcl?<\/em><\/p>\n<p>\u201cBei solchen Analogien bekomme ich eine G\u00e4nsehaut. Ich w\u00fcrde am liebsten alles stehen und liegen lassen und weglaufen. Das sind die letzten beiden Namen, mit denen ich verglichen werden m\u00f6chte.<br \/>\nAber wir haben \u00e4hnliche Sorgen und Hoffnungen mit Imamo\u011flu. Wir haben \u00e4hnliche Gef\u00fchle nicht nur mit Herrn Ekrem, sondern mit vier von f\u00fcnf CHP-Mitgliedern.<br \/>\nWenn es einen Wandel und eine Ver\u00e4nderung in der CHP geben soll, dann nicht durch Trennung, sondern durch Einigung. Wir werden den Wandel nicht in Fronten aufspalten. Wir stellen uns einen Wandel vor, der auch diejenigen einschlie\u00dft, die sich dem Wandel widersetzen.\u201d<\/p>\n<p><em>- Sind Sie Imamo\u011flus Treuh\u00e4nder-Kandidat?<\/em><\/p>\n<p>\u201cEs gibt nicht das geringste Gespr\u00e4ch zwischen \u0130mamo\u011flu und mir wie \u201cLass mich bis zu diesem Tag stehen, du stehst nach diesem Tag\u201d. Ich lehne dies ab. Allerdings haben Imamo\u011flu und ich einen gemeinsamen Traum. Wenn ich ein Amt in der CHP \u00fcbernehme, wei\u00df ich, dass ich in Harmonie mit \u0130mamo\u011flu arbeiten werde.<br \/>\nDer Vorsitz der CHP ist etwas, das Atat\u00fcrk anvertraut wurde. Es ist eine Sache, mit \u0130mamo\u011flu in Harmonie zu sein, wenn er Istanbul gewinnt und dann, wenn er die T\u00fcrkei gewinnt. Es ist eine andere, dieses Amt eine Zeit lang zu halten und es dann abzugeben... Das Vertrauen geh\u00f6rt Atat\u00fcrk. Herr Kemal hat es jetzt. Wenn es eines Tages an uns \u00fcbergeben wird, werden wir die Verantwortung gegen\u00fcber Atat\u00fcrk sp\u00fcren.\u201d<\/p>","protected":false},"excerpt":{"rendered":"<p>CHP&#8217;de 14 ve 28 May\u0131s se\u00e7imlerinden sonra genel ba\u015fkanl\u0131k tart\u0131\u015fmalar\u0131 s\u00fcrerken, adaylar aras\u0131nda ismi yer alan \u00d6zg\u00fcr \u00d6zel, &#8220;CHP&#8217;de de\u011fi\u015fim ve d\u00f6n\u00fc\u015f\u00fcm olacaksa ayr\u0131larak de\u011fil, birle\u015ferek olacak. De\u011fi\u015fimi cephelere b\u00f6lecek de\u011filiz. Hatta de\u011fi\u015fime itiraz edenleri bile kapsayacak bir de\u011fi\u015fim \u00f6ng\u00f6r\u00fcyoruz&#8221; diye konu\u015ftu. \u0130stanbul B\u00fcy\u00fck\u015fehir Belediye Ba\u015fkan\u0131 Ekrem \u0130mamo\u011flu ile &#8220;ortak bir hayalimiz&#8221; var diyen CHP&#8217;li [&hellip;]<\/p>\n","protected":false},"author":3,"featured_media":277909,"comment_status":"closed","ping_status":"closed","sticky":false,"template":"","format":"standard","meta":{"footnotes":""},"categories":[2],"tags":[15],"class_list":{"0":"post-275465","1":"post","2":"type-post","3":"status-publish","4":"format-standard","5":"has-post-thumbnail","7":"category-gundem","8":"tag-chp"},"_links":{"self":[{"href":"https:\/\/halkweb.com.tr\/de\/wp-json\/wp\/v2\/posts\/275465","targetHints":{"allow":["GET"]}}],"collection":[{"href":"https:\/\/halkweb.com.tr\/de\/wp-json\/wp\/v2\/posts"}],"about":[{"href":"https:\/\/halkweb.com.tr\/de\/wp-json\/wp\/v2\/types\/post"}],"author":[{"embeddable":true,"href":"https:\/\/halkweb.com.tr\/de\/wp-json\/wp\/v2\/users\/3"}],"replies":[{"embeddable":true,"href":"https:\/\/halkweb.com.tr\/de\/wp-json\/wp\/v2\/comments?post=275465"}],"version-history":[{"count":0,"href":"https:\/\/halkweb.com.tr\/de\/wp-json\/wp\/v2\/posts\/275465\/revisions"}],"wp:featuredmedia":[{"embeddable":true,"href":"https:\/\/halkweb.com.tr\/de\/wp-json\/wp\/v2\/media\/277909"}],"wp:attachment":[{"href":"https:\/\/halkweb.com.tr\/de\/wp-json\/wp\/v2\/media?parent=275465"}],"wp:term":[{"taxonomy":"category","embeddable":true,"href":"https:\/\/halkweb.com.tr\/de\/wp-json\/wp\/v2\/categories?post=275465"},{"taxonomy":"post_tag","embeddable":true,"href":"https:\/\/halkweb.com.tr\/de\/wp-json\/wp\/v2\/tags?post=275465"}],"curies":[{"name":"wp","href":"https:\/\/api.w.org\/{rel}","templated":true}]}}