{"id":275438,"date":"2023-08-15T12:34:36","date_gmt":"2023-08-15T09:34:36","guid":{"rendered":"https:\/\/halkweb.com.tr\/?p=275438"},"modified":"2023-08-15T12:34:36","modified_gmt":"2023-08-15T09:34:36","slug":"ekrem-imamoglu-hat-seine-kandidatur-angekundigt","status":"publish","type":"post","link":"https:\/\/halkweb.com.tr\/de\/ekrem-imamoglu-hat-seine-kandidatur-angekundigt\/","title":{"rendered":"Ekrem \u0130mamo\u011flu hat seine Kandidatur angek\u00fcndigt:  Ich mache mich erneut auf, um Istanbul zu verteidigen"},"content":{"rendered":"<p>\u0130stanbul B\u00fcy\u00fck\u015fehir Belediye Ba\u015fkan\u0131 Ekrem \u0130mamo\u011flu, &#8220;\u0130stanbul\u2019a hizmet ger\u00e7ekten d\u00fcnyaya hizmettir. \u0130stanbul\u2019a ihanet edilemez. \u00c7\u00fcnk\u00fc bu sadece T\u00fcrkiye\u2019ye de\u011fil insanl\u0131\u011fa ihanet olur. Ben \u0130BB ba\u015fkan\u0131 olarak ilk yola \u00e7\u0131kt\u0131\u011f\u0131mda t\u00fcm halk\u0131m\u0131za bu mukaddes \u015fehrin en ba\u015far\u0131l\u0131 belediye ba\u015fkan\u0131 olaca\u011f\u0131ma s\u00f6z verdim. Bu s\u00f6z\u00fcm\u00fc tutmaya devam edece\u011fim&#8221; dedi.<\/p>\n<p>&#8220;\u0130stanbul&#8217;u bir kez daha savunmak i\u00e7in bir kez daha yola \u00e7\u0131k\u0131yorum&#8221; diyen \u0130mamo\u011flu, &#8220;Refah i\u00e7inde bir \u015fehir olu\u015fturmak i\u00e7in yola \u00e7\u0131k\u0131yorum, d\u00fcnyan\u0131n t\u00fcm teknolojik yeniliklerine ev sahibi olmak i\u00e7in yola \u00e7\u0131k\u0131yorum. 2019&#8217;da oldu\u011fu gibi CHP&#8217;li yol arkada\u015flar\u0131mla farkl\u0131 partilere g\u00f6n\u00fcl veren k\u0131ymetli hem\u015ferilerim \u0130stanbullularla tekrar \u0130stanbul ittifak\u0131n\u0131 en g\u00fc\u00e7l\u00fc \u015feklde kurmaya geliyorum&#8221; diye konu\u015ftu.<\/p>\n<p>&nbsp;<\/p>\n<blockquote class=\"twitter-tweet\">\n<p dir=\"ltr\" lang=\"tr\">\u0130stanbul ve T\u00fcrkiye\u2019ye Sesleni\u015f <a href=\"https:\/\/t.co\/JJ2KywgDqn\">https:\/\/t.co\/JJ2KywgDqn<\/a><\/p>\n<p>\u2014 Ekrem \u0130mamo\u011flu (@ekrem_imamoglu) <a href=\"https:\/\/twitter.com\/ekrem_imamoglu\/status\/1691374106988761088?ref_src=twsrc%5Etfw\" target=\"_blank\" rel=\"noopener\">August 15, 2023<\/a><\/p><\/blockquote>\n<p><script async src=\"https:\/\/platform.twitter.com\/widgets.js\" charset=\"utf-8\"><\/script><\/p>\n<p>\u0130mamo\u011flu&#8217;nun a\u00e7\u0131klamalar\u0131ndan \u00f6ne \u00e7\u0131kanlar \u015f\u00f6yle:<\/p>\n<p>* Se\u00e7im sonras\u0131nda sadece temmuz ay\u0131nda 30 y\u0131l\u0131n en y\u00fcksek ayl\u0131k enflasyonunu ya\u015fatt\u0131lar. Net ifade etmemiz gerekir ki iktidar enflasyon canavar\u0131yla m\u00fccadele edemiyor. Bu enflasyon canavar\u0131n\u0131 da iktidar yaratt\u0131. Se\u00e7im sonras\u0131 iktidar motorine y\u00fczde 105 zam yapt\u0131.<\/p>\n<p>* H\u00fck\u00fcmet yetkilileri vatanda\u015f\u0131 s\u0131k s\u0131k tasarrufa davet ederken iki kamu bankas\u0131n\u0131n y\u0131ll\u0131k reklam harcamas\u0131 2 milyar lira. Tasarruf sadece vatanda\u015ftan m\u0131 istenir? Hay\u0131r. Bu kadar verginin topland\u0131\u011f\u0131 bir co\u011frafyada a\u00e7l\u0131k, yokluk ve yoksulluk olmamal\u0131d\u0131r. \u015eayet oluyorsa orada \u00e7ok b\u00fcy\u00fck bir israf, adaletsizlik ve payla\u015f\u0131m sorunu vard\u0131r. \u0130ktidar\u0131n ekonomik tercihlerinin sonunda toplumun en zengin y\u00fczde 20&#8217;lik k\u0131sm\u0131 toplam gelirde ald\u0131\u011f\u0131 pay\u0131n artt\u0131\u011f\u0131n\u0131 g\u00f6r\u00fcyoruz. Bu y\u0131l bu pay\u0131n y\u00fczde 48&#8217;e ula\u015ft\u0131\u011f\u0131n\u0131 tespit ediyoruz.<\/p>\n<p>* Buna kar\u015f\u0131n en yoksul y\u00fczde 20&#8217;nin ald\u0131\u011f\u0131 pay ise y\u00fczde 6&#8217;ya gerilemi\u015f durumda. Zengin ile yoksul aras\u0131ndaki fark 8 kat\u0131na \u00e7\u0131km\u0131\u015f durumda. \u00d6zetle bu iktidar zenginin cebini t\u0131ka basa doldururken halk\u0131m\u0131z\u0131 a\u00e7l\u0131\u011fa mahkum etmeye devam ediyor.\u00a0Ge\u00e7en d\u00f6rt y\u0131lda \u0130BB iktidar\u0131n bask\u0131lar\u0131na kar\u015f\u0131 en \u00fcst seviyede direncin simgesi oldu. Sara\u00e7hane hukuksuz se\u00e7im iptaline ve i\u00e7i bo\u015f ahmak davas\u0131na kar\u015f\u0131 g\u00fc\u00e7l\u00fc demokrasi meydan\u0131na d\u00f6n\u00fc\u015ft\u00fc. Biz y\u0131lmadan ve asla vazge\u00e7meden y\u00fcksek iradeyle \u00e7al\u0131\u015fmaya devam ettik. \u0130stanbullulara hizmet ettik.<\/p>\n<p><strong>&#8220;\u0130STANBUL&#8217;U KAZANAN T\u00dcRK\u0130YE&#8217;Y\u0130 KAZANIR, BU S\u00d6Z\u00dc \u00d6NEMS\u0130YORUM&#8221;<\/strong><\/p>\n<p>* \u015eunu a\u00e7\u0131k\u00e7a ifade etmeliyim ki may\u0131s se\u00e7imlerinden sonra iktidar\u0131n muhalefeti topyekun tasfiye \u00e7al\u0131\u015fmalar\u0131na en g\u00fc\u00e7l\u00fc kar\u015f\u0131 duru\u015f ba\u015fta \u0130BB olmak \u00fczere \u00fclkemizin metropollerinde ger\u00e7ekle\u015fecek. 31 Mart 2024 mahalli se\u00e7imlerinde t\u00fcm vatanda\u015flar\u0131m\u0131z\u0131 demokrasimizi yeniden ye\u015fertmek i\u00e7in \u015fehirlerimize sahip \u00e7\u0131kmak i\u00e7in beraber yol y\u00fcr\u00fcmeye davet ediyorum.<\/p>\n<p>* \u0130stanbul&#8217;u kazanan T\u00fcrkiye&#8217;yi kazan\u0131r. Ben bu s\u00f6z\u00fc \u00e7ok \u00f6nemsiyorum. Yerel se\u00e7imlerde \u0130stanbul&#8217;u kazanmak b\u00fcy\u00fck siyasi ba\u015far\u0131d\u0131r. \u0130stanbul&#8217;u kazanan belediye ba\u015fkan\u0131 d\u00fcnyan\u0131n en \u00f6nemli \u015fehrine hizmet etme onuruna ula\u015f\u0131r. O ki\u015fi milletin takdirini kazan\u0131rsa bu ba\u015far\u0131 onu ulusal ve uluslararas\u0131 siyasette \u00f6nemli yere ula\u015ft\u0131r\u0131r. Ben \u0130stanbul&#8217;u kazanan T\u00fcrkiye&#8217;yi kazan\u0131r s\u00f6z\u00fcn\u00fc se\u00e7im galibiyeti olarak alg\u0131lam\u0131yorum sadece.<\/p>\n<p>* T\u00fcrkiye&#8217;mizde ger\u00e7ek toplumsal bar\u0131\u015f ancak Cumhuriyetimizin asli amac\u0131n\u0131 yani yurtta\u015flar\u0131n hi\u00e7bir ayr\u0131m g\u00f6zetmeksizin \u00fclkelerinin \u015fehirlerinin, sular\u0131n\u0131n da\u011flar\u0131n\u0131n tarihi miras\u0131n\u0131n e\u015fit hissedar\u0131 oldu\u011fu zaman ger\u00e7ekle\u015fecek. \u0130stanbul&#8217;un sorunlar\u0131n\u0131 \u00e7\u00f6zmek T\u00fcrkiye&#8217;nin sorunlar\u0131n\u0131 \u00e7\u00f6zmektir. Ku\u015fkusuz \u0130stanbul uzun s\u00fcre ihmal edilmi\u015f, devasa sorunlarla i\u00e7 i\u00e7e bir \u015fehirdir. \u015eehrimizde tahamm\u00fcl\u00fc imkans\u0131z hale gelen bir n\u00fcfus yo\u011funla\u015fmas\u0131 vard\u0131r. \u00d6zellikle iktidar\u0131n te\u015fvik etti\u011fi s\u0131\u011f\u0131nmac\u0131 ve m\u00fclteci ak\u0131n\u0131, g\u00fcvenlikten konut krizine kadar kentimizi bo\u011fmaktad\u0131r. Resmen insanlar\u0131m\u0131z bundan en derin haliyle y\u00fcksek bir \u015fikayet i\u00e7indedir.<\/p>\n<p><strong>&#8220;KEND\u0130M\u0130 \u0130STANBUL \u0130LE M\u00dcH\u00dcRL\u00dc KABUL ED\u0130YORUM&#8221;<\/strong><\/p>\n<p>* Hayat pahal\u0131l\u0131\u011f\u0131 toplumsal d\u00fczeni tehdit eder hale geldi. Vatanda\u015f\u0131n yoksullu\u011fu h\u0131zland\u0131 ve derinle\u015fti. \u0130\u015fte t\u00fcm bunlardan dolay\u0131d\u0131r ki May\u0131s 2024&#8217;te yap\u0131lacak yerel se\u00e7imler tam da bu f\u00fctursuzlu\u011fa dur deme se\u00e7imi olacakt\u0131r. \u0130stanbul&#8217;un bu devasa sorunlar\u0131n\u0131 \u00e7\u00f6zmek, ayn\u0131 zamanda T\u00fcrkiye&#8217;nin sorunlar\u0131n\u0131n nas\u0131l \u00e7\u00f6z\u00fclece\u011finin de s\u0131nav yeridir. Tam da bu nedenle benim anlad\u0131\u011f\u0131m \u015fekliyle &#8216;\u0130stanbul&#8217;u kazanmak T\u00fcrkiye&#8217;yi kazanmakt\u0131r&#8217;. \u0130stanbul ve T\u00fcrkiye&#8217;nin kaderi m\u00fch\u00fcrl\u00fcd\u00fcr. Ben de kendimi \u0130stanbul ile m\u00fch\u00fcrl\u00fc kabul ediyorum.<\/p>\n<p>*\u00a0\u0130stanbul&#8217;da olu\u015fturdu\u011fumuz yeni y\u00f6netimde vatanda\u015flar\u0131m\u0131za daha mutlu T\u00fcrkiye olma ihtimalini burada kan\u0131tl\u0131yoruz. Bu \u015fehre ihanet ederek hepimizin ortak evini gri beton y\u0131\u011f\u0131n\u0131na \u00e7eviren, rant\u00e7\u0131, yoksulla\u015ft\u0131r\u0131c\u0131 y\u00f6netime bu b\u00fcy\u00fck milletin mecbur olmad\u0131\u011f\u0131n\u0131 g\u00f6steriyoruz.<\/p>\n<p>* Bizi \u00e7e\u015fitli mecralardan izleyen vatanda\u015flar\u0131m\u0131n tam da burada \u00f6zenle kulak kabartmas\u0131n\u0131 rica ediyorum: Ben hayat\u0131m boyunca bir koltu\u011fa de\u011fil bir misyona aday oldum. Bug\u00fcn bu misyon T\u00fcrkiye&#8217;nin yeni bir siyaset ve yeni bir y\u00f6netim anlay\u0131\u015f\u0131na kavu\u015fturulmas\u0131 misyonudur.\u00a0Bu topraklarda cesur bir demokrasinin, adaletin, b\u00f6lgemize ve d\u00fcnyaya ilham kayna\u011f\u0131 olacak \u00f6zg\u00fcrl\u00fcklerin, hukukun \u00fcst\u00fcnl\u00fc\u011f\u00fcn\u00fcn ve g\u00fc\u00e7l\u00fc bir devletin yeniden tesisi \u00f6ncelikli hedefimdir.<\/p>\n<p><strong>&#8216;L\u0130DERL\u0130K&#8217; VURGUSU<\/strong><\/p>\n<p>* Vatanda\u015f\u0131n hayat kalitesi i\u00e7in yerelden ne\u015fet eden kapsay\u0131c\u0131, adil ve payla\u015f\u0131mc\u0131 bir kalk\u0131nma; insanlar\u0131m\u0131z\u0131n hayat g\u00fcvenli\u011finin sa\u011flanmas\u0131 i\u00e7in \u00e7evre krizi ve depreme kar\u015f\u0131 \u00f6d\u00fcns\u00fcz ve etkin \u00f6nlemler; gelecek nesiller i\u00e7in ger\u00e7ek bir refah toplumu ve yarat\u0131c\u0131-giri\u015fimci bir teknoloji hamlesi siyasal vizyonumuzun ana kolonlar\u0131d\u0131r. Bu hedefler do\u011frultusunda g\u00fc\u00e7l\u00fc ama demokratik, aktif ama denetlenen, cesur ama \u015feffaf bir liderlik anlay\u0131\u015f\u0131n\u0131n alt\u0131n\u0131 \u00e7iziyorum.<\/p>\n<p>* Zira biliyorum ki, cesur demokrasi; cesur bir toplum ve cesur liderlerle m\u00fcmk\u00fcn olabilir. Ben hayat\u0131m\u0131n hi\u00e7bir d\u00f6neminde siyaseti sadece siyasal partilerden ibaret g\u00f6rmedim. Siyasi partiler demokratik hayat\u0131n vazge\u00e7ilmez ve \u00f6nemli organlar\u0131d\u0131r. Ama g\u00fcc\u00fcn\u00fc yerelden alan bir y\u00f6netici olarak siyaseti hep toplumla omuz omuza yap\u0131lan d\u00f6n\u00fc\u015ft\u00fcr\u00fcc\u00fc bir eylem olarak anlad\u0131m.\u00a0O nedenle ge\u00e7mi\u015fte oldu\u011fu gibi bundan sonraki yolculukta da benim yol arkada\u015flar\u0131m gen\u00e7ler ve kad\u0131nlard\u0131r. Emek\u00e7iler ve g\u00fcvencesizlerdir. Emekliler ve ya\u015fl\u0131lard\u0131r. Engelliler ve ke\u015ffedilmeyi bekleyen giri\u015fimci ve yarat\u0131c\u0131 zihinlerdir.<\/p>\n<p><strong>&#8220;KOLTU\u011eA DE\u011e\u0130L, M\u0130SYONA ADAY OLDUM&#8221;<\/strong><\/p>\n<p>* Hayat\u0131m boyunca bir koltu\u011fa de\u011fil s\u00fcrekli olarak bir misyona aday oldum. Bug\u00fcn bu misyon T\u00fcrkiye&#8217;nin yeni y\u00f6netim anlay\u0131\u015f\u0131na kavu\u015fmas\u0131d\u0131r. Hukuk \u00fcst\u00fcnl\u00fc\u011f\u00fcn\u00fcn ve g\u00fc\u00e7l\u00fc devletin yeniden tesisi \u00f6ncelikli hedefimdir.<\/p>\n<p>* \u0130BB&#8217;yi hep birlikte korumal\u0131y\u0131z. \u0130BB&#8217;yi bu iktidar\u0131n eline ge\u00e7mesinin maliyetini fark etmeliyiz. \u0130BB&#8217;yi gayri hukuki yoldan elde etmek i\u00e7in denediler ve denemeye devam edecekler. Ama hep birlikte engelledik ba\u015faramad\u0131lar. \u0130stanbul&#8217;u hep birlikte kazanmak i\u00e7in bir araya devam etmeliyiz. Aram\u0131zdaki tart\u0131\u015fmalar\u0131 b\u0131rak\u0131p bu s\u00fcrece odaklanmal\u0131y\u0131z. Partiler \u00f6tesi \u0130stanbul ittifak\u0131n\u0131 kurmak i\u00e7in elimden geleni yapaca\u011f\u0131m. Muhalefet partilerinin bu \u015fuurla hareket edece\u011fine y\u00fcrekten inan\u0131yorum.<\/p>\n<p><strong>&#8220;SE\u00c7\u0130M MA\u011eLUB\u0130YET\u0130NDEN DOLAYI \u00d6Z\u00dcR D\u0130L\u0130YORUM&#8221;<\/strong><\/p>\n<p>* Bu s\u00fcre\u00e7te \u00f6zellikle CHP&#8217;li yol arkada\u015flar\u0131ma seslenmek istiyorum. De\u011ferli yol arkada\u015flar\u0131m May\u0131s 2023 se\u00e7iminde ya\u015fad\u0131\u011f\u0131m\u0131z hayal k\u0131r\u0131kl\u0131\u011f\u0131 beni \u00e7ok derinden \u00fczm\u00fc\u015ft\u00fcr. Ben bunu bir\u00e7ok vesile ile dile getirdim. Halk\u0131m\u0131zdan bu se\u00e7im ma\u011flubiyetinden dolay\u0131 \u00f6z\u00fcr diliyorum.<\/p>\n<p>* Bu hayal k\u0131r\u0131kl\u0131\u011f\u0131n\u0131n nedenlerinden biri de yenilginin sorumlulu\u011funu \u00fcstlenme ve ger\u00e7ekle y\u00fczle\u015fme konusunda gerekli duyarl\u0131l\u0131\u011f\u0131n g\u00f6sterilmemesidir. 28 May\u0131s gecesinden ba\u015flayarak ortaya konan tav\u0131r partililerimizi ve se\u00e7menlerimizi anlamak kayg\u0131s\u0131ndan \u00e7ok uzakt\u0131r. Benim d\u00fcnyamda asla umutsuzlu\u011fa yer yoktur.<\/p>\n<p><strong>&#8220;S\u00d6Z\u00dcM\u00dc TUTMAYA DEVAM EDECE\u011e\u0130M&#8221;<\/strong><\/p>\n<p>* \u0130stanbul d\u00fcnyan\u0131n merkezlerinden biridir. \u00dc\u00e7 \u0130mparatorlu\u011fun ba\u015fkentli\u011fini yapm\u0131\u015f, mukaddes bir \u015fehirdir. Ecdad\u0131m\u0131z bize b\u00fcy\u00fck bir k\u00fclt\u00fcrel ve do\u011fal miras b\u0131rakm\u0131\u015ft\u0131r. \u0130stanbul&#8217;a hizmet d\u00fcnyaya hizmettir. \u0130stanbul&#8217;a ihanet edilemez! \u00c7\u00fcnk\u00fc bu sadece T\u00fcrkiye&#8217;ye de\u011fil, insanl\u0131\u011fa ihanet olur.\u00a0Ben B\u00fcy\u00fck\u015fehir Belediye ba\u015fkan\u0131 oldu\u011fumda t\u00fcm halk\u0131m\u0131za bu mukaddes \u015fehrin en ba\u015far\u0131l\u0131 belediye ba\u015fkan\u0131 olaca\u011f\u0131ma s\u00f6z verdim. Bu s\u00f6z\u00fc tutmaya devam edece\u011fim.<\/p>\n<p>* S\u00f6zlerime son verirken \u015funu ifade etmek istiyorum: \u015eehrimizin ya\u011fmalanmas\u0131na, adaletsizlik ve \u00e7evre katliam\u0131na kar\u015f\u0131 \u0130stanbul&#8217;u bir kez daha savunmak i\u00e7in yola \u00e7\u0131k\u0131yorum. D\u00f6rt sene boyunca oldu\u011fu gibi, 16 milyona e\u015fit hizmet g\u00f6t\u00fcrmek i\u00e7in yola \u00e7\u0131k\u0131yorum.<\/p>\n<p>* Yoksullu\u011fu s\u00f6k\u00fcp atan refah i\u00e7inde bir \u015fehir olu\u015fturmak i\u00e7in yola \u00e7\u0131k\u0131yorum; Kat\u0131l\u0131m\u0131 ve ortakla\u015fan akl\u0131 merkeze almak i\u00e7in, d\u00fcnyan\u0131n t\u00fcm teknolojik yeniliklerine ve geli\u015fimine ev sahibi olmak i\u00e7in yola \u00e7\u0131k\u0131yorum.<\/p>\n<p>* Bu anlay\u0131\u015fla 2019\u2019da oldu\u011fu gibi, Cumhuriyet Halk Partili yol arkada\u015flar\u0131mla, farkl\u0131 partilere g\u00f6n\u00fcl veren \u0130stanbullularla, kentine sahip \u00e7\u0131kan, oyuna sahip \u00e7\u0131kan \u0130stanbul g\u00f6n\u00fcll\u00fcleriyle tekrar \u0130stanbul \u0130ttifak\u0131&#8217;n\u0131 kurmaya geliyorum.<\/p>\n<p><strong>SORU-CEVAP: &#8220;DE\u011e\u0130\u015e\u0130M TEMENN\u0130LER\u0130M\u0130 4 KEZ GENEL BA\u015eKAN&#8217;A \u0130LETT\u0130M&#8221;<\/strong><\/p>\n<p>Ekrem \u0130mamo\u011flu a\u00e7\u0131klamalar\u0131n\u0131n ard\u0131ndan gazetecilerin sorusunu yan\u0131tlad\u0131.<\/p>\n<p>De\u011fi\u015fim ve d\u00f6n\u00fc\u015f\u00fcm s\u00fcrecine dair taleplerini d\u00f6rt kez Genel Ba\u015fkan Kemal K\u0131l\u0131\u00e7daro\u011flu&#8217;na iletti\u011fini dile getiren \u0130mamo\u011flu,\u00a0&#8220;De\u011fi\u015fim ve d\u00f6n\u00fc\u015f\u00fcm s\u00fcrecinde temennilerim vard\u0131r. Bu temennilerimi d\u00f6rt kez say\u0131n Genel Ba\u015fkan\u0131m\u0131za ilettim. Tekrar ifade edeyim bunu. Ben hala Genel Ba\u015fkan\u0131&#8217;n de\u011fi\u015fim ve d\u00f6n\u00fc\u015f\u00fcm s\u00fcrecinin liderli\u011fini yaparak partimizin t\u00fcm kadrolar\u0131yla yenilenmesiyle gelece\u011fe co\u015fkulu \u015fekilde ula\u015fmas\u0131n\u0131 sa\u011flay\u0131c\u0131 bir s\u00fcreci haz\u0131rlamas\u0131 gerekti\u011fini d\u00fc\u015f\u00fcn\u00fcyorum. Bu talebimi tekrar ileteyim&#8221;\u00a0diye konu\u015ftu.<\/p>\n<p><strong>&#8220;KOLTUK \u00dcZER\u0130NDEN B\u0130R TARTI\u015eMANIN PAR\u00c7ASI OLMAM&#8221;<\/strong><\/p>\n<p>\u0130mamo\u011flu, s\u00f6zlerini \u015f\u00f6yle s\u00fcrd\u00fcrd\u00fc:<\/p>\n<p>&#8220;Genel Ba\u015fkan\u0131ma de\u011fi\u015fimin zaruri oldu\u011funu s\u00f6ylerken kendimle ilgili hi\u00e7bir \u015fart koymadan s\u00fcreci ifade ettim. Bu s\u00fcreci koordine edebilirim, en \u00f6nde ko\u015fabilirim dedi\u011fimi ve sonra da benim sak\u0131n ha genel ba\u015fkanl\u0131k \u015fart\u0131m olmaz, olamaz, bunu ifade etti\u011fimi s\u00f6yledim. Beni benden dinleyiniz ki makam \u00fczerinden tayinim ve bir tarifim olmam\u0131\u015ft\u0131r. Koltuk \u00fczerinden bir tart\u0131\u015fman\u0131n par\u00e7as\u0131 olmad\u0131m, olmam. 2019&#8217;da da olmad\u0131\u011f\u0131m\u0131 partim de bilir bunu en yak\u0131n bilenlerden birisi k\u0131ymetli Genel Ba\u015fkan\u0131md\u0131r.&#8221;<\/p>\n<p><strong>KURULTAY&#8217;DA \u00d6ZG\u00dcR \u00d6ZEL&#8217;\u0130 DESTEKLEYECEK M\u0130?<\/strong><\/p>\n<p>\u0130mamo\u011flu,\u00a0&#8220;Kurultay&#8217;da kimi destekleyeceksiniz? Aday\u0131n\u0131z \u00d6zg\u00fcr \u00d6zel mi olacak?&#8221;\u00a0sorusuna ise \u015fu yan\u0131t\u0131 verdi:<\/p>\n<p>En \u00fcst d\u00fczeyde m\u00fccadelemi verece\u011fimi s\u00f6yledim. Bug\u00fcnden varsay\u0131mlar \u00fczerinden konu\u015fmay\u0131 do\u011fru bulmuyorum. CHP&#8217;nin kurultay tarihi belli de\u011fildir. S\u00fcre\u00e7 olgunla\u015facakt\u0131r. \u015eu anda kongreler s\u00fcr\u00fcyor. \u00d6zellikle ba\u015fta \u0130stanbul&#8217;da kongrelerin nas\u0131l bir d\u00f6n\u00fc\u015f\u00fcm i\u00e7erisinde oldu\u011funu g\u00f6zlemliyorum. Bu kritik evrede yapt\u0131\u011f\u0131m a\u00e7\u0131klaman\u0131n ne kadar sorumluluk bilincinde oldu\u011funun da alt\u0131n\u0131 \u00e7izeyim. D\u00f6n\u00fc\u015f\u00fcm s\u00fcrecinde temennilerim vard\u0131r. Bunlar\u0131 kendi iste\u011fim ve talebimle d\u00f6rt kez Say\u0131n Genel Ba\u015fkan\u0131m\u0131za ilettim. Ben hala Say\u0131n Genel Ba\u015fkan\u0131n de\u011fi\u015fim ve d\u00f6n\u00fc\u015f\u00fcm s\u00fcrecinin liderli\u011fini yaparak partimizin t\u00fcm kadrolar\u0131yla yenilenmesiyle s\u00fcreci haz\u0131rlamas\u0131 gerekti\u011fini d\u00fc\u015f\u00fcn\u00fcyorum. CHP&#8217;nin tarihini bilen, ge\u00e7mi\u015fi tertemiz evlatlar\u0131 vard\u0131r. Bunlardan ismi ge\u00e7ti\u011fi i\u00e7in s\u00f6yl\u00fcyorum birisi \u00d6zg\u00fcr \u00d6zel&#8217;dir. Bunlar zaman i\u00e7erisinde konu\u015fulur.<\/p>\n<p>120 g\u00fcnd\u00fcr Ekrem \u0130mamo\u011flu&#8217;nun \u0130stanbul&#8217;a adayl\u0131\u011f\u0131 konusundaki tart\u0131\u015fmalar vesilesiyle yap\u0131lan a\u00e7\u0131klamalar\u0131n do\u011fru olmad\u0131\u011f\u0131n\u0131 ifade ediyorum. Siyasi tahmin ve i\u00e7erik \u00fcretenleri sayg\u0131yla kar\u015f\u0131l\u0131yorum. Sanki bir konu\u015fma olmu\u015f gibi bunu yayan insanlar\u0131n bak\u0131\u015f a\u00e7\u0131s\u0131n\u0131 hayretle izliyorum. L\u00fctfen beni benden izleyin. Say\u0131n Genel Ba\u015fkan\u0131mla 4 kez yapt\u0131\u011f\u0131m bulu\u015fmada bir de\u011fi\u015fim ve d\u00f6n\u00fc\u015f\u00fcm s\u00fcrecinin zaruri oldu\u011funu ifade ederken kendimle ilgili hi\u00e7bir \u015fart ko\u015fmad\u0131m. Sak\u0131n ha Genel Ba\u015fkanl\u0131k gibi bir \u015fart\u0131m olamaz. Partinin kurullar\u0131, kongreleri vard\u0131r. Ekrem \u0130mamo\u011flu \u0130stanbul&#8217;da kalmal\u0131, \u0130stanbul&#8217;a ne olacak gibi konu\u015fmalar olsa da benim makam \u00fczerinden ne bir tayinim ne bir tarifim asla olmam\u0131\u015ft\u0131r. Benim misyonum \u00fclkenin gelece\u011fi misyonudur.<\/p>\n<p><strong>DE\u011e\u0130\u015e\u0130M VE D\u00d6N\u00dc\u015e\u00dcM\u00dcN \u0130\u00c7\u0130NDE NELER VAR?<\/strong><\/p>\n<p>\u0130mamo\u011flu, genel se\u00e7imlerin ard\u0131ndan ba\u015flatt\u0131\u011f\u0131 &#8216;de\u011fi\u015fim&#8217; \u00e7a\u011fr\u0131s\u0131n\u0131n i\u00e7eri\u011fini de \u015fu s\u00f6zlerle a\u00e7\u0131klad\u0131:<\/p>\n<p>&#8220;Varsay\u0131mlarla bug\u00fcnden konu\u015fman\u0131n do\u011fru olmad\u0131\u011f\u0131n\u0131 ifade edeyim. Bug\u00fcn Say\u0131n Genel Ba\u015fkan\u0131m\u0131z\u0131n kurultayda aday olup olmad\u0131\u011f\u0131n\u0131 bile bilmiyoruz. Genel Ba\u015fkan\u0131m\u0131zla tabii ki farkl\u0131 vesilelerle g\u00f6r\u00fc\u015f\u00fcyoruz. G\u00f6r\u00fc\u015f\u00fcyoruz ve elbette mesajla\u015f\u0131yoruz da. Mesajlar\u0131m\u0131z belediyemizin i\u015fleyi\u015fi \u00fczerine olmu\u015ftur. Siyasi zeminde benimle bir irtibat\u0131 olmam\u0131\u015ft\u0131r. De\u011fi\u015fim ve d\u00f6n\u00fc\u015f\u00fcm meselesi bir ki\u015finin dilinden ve zihninden \u00e7\u0131kacak bir i\u00e7erik olmaz, olamaz. A\u00e7t\u0131\u011f\u0131m\u0131z web sitesine 200 binin \u00fczerinde mail geldi. Partimizin de\u011fi\u015fim ve d\u00f6n\u00fc\u015f\u00fcm\u00fc en kapsaml\u0131 \u015fekilde \u015fekillenecektir. Geli\u015fime a\u00e7\u0131k olmal\u0131d\u0131r, inovatif olmal\u0131d\u0131r, kapsay\u0131c\u0131 olmal\u0131d\u0131r. Yeni gelen fikirleri de i\u00e7ine katabilmelidir. Benim de fikirlerim var, kat\u0131yorum. Zaman zaman kamuoyuyla da payla\u015f\u0131yorum.&#8221;<\/p>\n<p>\u0130mamo\u011flu, &#8220;2019&#8217;da ba\u015fta \u0130Y\u0130 Parti olmak \u00fczere o g\u00fcnden bug\u00fcne d\u00f6rt bu\u00e7uk y\u0131ll\u0131k faaliyetlerimizde ittifak yapt\u0131\u011f\u0131m\u0131z partiler veya siyasi gruplarla ger\u00e7ekten ittifak ahlak\u0131na yak\u0131\u015fan 16 milyon insan\u0131na en \u00f6zenli \u015fekilde hizmet etme bilinci ittifak \u015fuurunun en \u00f6rnek noktalar\u0131ndan biri oldu\u011fumuzu ifade etmek isterim&#8221; diye konu\u015ftu.<\/p>\n<p><strong>&#8220;ADAYIM DEMED\u0130M YOLA \u00c7IKIYORUM DED\u0130M&#8221;<\/strong><\/p>\n<p>&#8220;De\u011fi\u015fim misyonumun par\u00e7as\u0131d\u0131r. Art\u0131k CHP se\u00e7im kaybedemez, kaybetmemeli&#8221; diyen \u0130mamo\u011flu, &#8216;Aday m\u0131s\u0131n\u0131z?&#8217; sorusuna kar\u015f\u0131l\u0131k &#8220;\u0130stanbul&#8217;u bir kez daha savunmak i\u00e7in yola \u00e7\u0131k\u0131yorum. 2019&#8217;da oldu\u011fu gibi Cumhuriyet Halk Partili arkada\u015flar\u0131mla, farkl\u0131 partilere g\u00f6n\u00fcl veren \u0130stanbullular ile tekrar \u0130stanbul \u0130ttifak\u0131 kurmaya geliyorum. Aday\u0131m demedim yola \u00e7\u0131k\u0131yorum dedim&#8221; yan\u0131t\u0131n\u0131 verdi.<\/p>","protected":false},"excerpt":{"rendered":"<p>\u0130stanbul B\u00fcy\u00fck\u015fehir Belediye Ba\u015fkan\u0131 Ekrem \u0130mamo\u011flu, &#8220;\u0130stanbul\u2019a hizmet ger\u00e7ekten d\u00fcnyaya hizmettir. \u0130stanbul\u2019a ihanet edilemez. \u00c7\u00fcnk\u00fc bu sadece T\u00fcrkiye\u2019ye de\u011fil insanl\u0131\u011fa ihanet olur. Ben \u0130BB ba\u015fkan\u0131 olarak ilk yola \u00e7\u0131kt\u0131\u011f\u0131mda t\u00fcm halk\u0131m\u0131za bu mukaddes \u015fehrin en ba\u015far\u0131l\u0131 belediye ba\u015fkan\u0131 olaca\u011f\u0131ma s\u00f6z verdim. Bu s\u00f6z\u00fcm\u00fc tutmaya devam edece\u011fim&#8221; dedi. &#8220;\u0130stanbul&#8217;u bir kez daha savunmak i\u00e7in bir kez [&hellip;]<\/p>\n","protected":false},"author":3,"featured_media":277909,"comment_status":"closed","ping_status":"closed","sticky":false,"template":"","format":"standard","meta":{"footnotes":""},"categories":[2],"tags":[15],"class_list":{"0":"post-275438","1":"post","2":"type-post","3":"status-publish","4":"format-standard","5":"has-post-thumbnail","7":"category-gundem","8":"tag-chp"},"_links":{"self":[{"href":"https:\/\/halkweb.com.tr\/de\/wp-json\/wp\/v2\/posts\/275438","targetHints":{"allow":["GET"]}}],"collection":[{"href":"https:\/\/halkweb.com.tr\/de\/wp-json\/wp\/v2\/posts"}],"about":[{"href":"https:\/\/halkweb.com.tr\/de\/wp-json\/wp\/v2\/types\/post"}],"author":[{"embeddable":true,"href":"https:\/\/halkweb.com.tr\/de\/wp-json\/wp\/v2\/users\/3"}],"replies":[{"embeddable":true,"href":"https:\/\/halkweb.com.tr\/de\/wp-json\/wp\/v2\/comments?post=275438"}],"version-history":[{"count":0,"href":"https:\/\/halkweb.com.tr\/de\/wp-json\/wp\/v2\/posts\/275438\/revisions"}],"wp:featuredmedia":[{"embeddable":true,"href":"https:\/\/halkweb.com.tr\/de\/wp-json\/wp\/v2\/media\/277909"}],"wp:attachment":[{"href":"https:\/\/halkweb.com.tr\/de\/wp-json\/wp\/v2\/media?parent=275438"}],"wp:term":[{"taxonomy":"category","embeddable":true,"href":"https:\/\/halkweb.com.tr\/de\/wp-json\/wp\/v2\/categories?post=275438"},{"taxonomy":"post_tag","embeddable":true,"href":"https:\/\/halkweb.com.tr\/de\/wp-json\/wp\/v2\/tags?post=275438"}],"curies":[{"name":"wp","href":"https:\/\/api.w.org\/{rel}","templated":true}]}}