{"id":275433,"date":"2023-08-15T11:49:07","date_gmt":"2023-08-15T08:49:07","guid":{"rendered":"https:\/\/halkweb.com.tr\/?p=275433"},"modified":"2023-08-15T11:49:07","modified_gmt":"2023-08-15T08:49:07","slug":"berat-albayraks-neuer-job-wird-bekannt-gegeben","status":"publish","type":"post","link":"https:\/\/halkweb.com.tr\/de\/berat-albayraks-neuer-job-wird-bekannt-gegeben\/","title":{"rendered":"Berat Albayraks neuer Job ist bekannt"},"content":{"rendered":"<p>Sabah gazetesi yazar\u0131 Yavuz Donat, Sad\u0131k Albayrak&#8217;la Karadeniz&#8217;de g\u00f6r\u00fc\u015ft\u00fc. Donat, Albayrak&#8217;a T\u00fcrkiye&#8217;deki sistem tart\u0131\u015fmas\u0131n\u0131 ve eski bakan\u0131n nerede oldu\u011funu sordu.<\/p>\n<p>Donat&#8217;\u0131n yaz\u0131s\u0131ndan ilgili b\u00f6l\u00fcm \u015f\u00f6yle:<\/p>\n<p>&#8220;Berat Albayrak<\/p>\n<p>Eski Enerji ve Tabii Kaynaklar Bakan\u0131&#8230; Ortal\u0131kta g\u00f6r\u00fcnm\u00fcyor&#8230; Konu\u015fmuyor&#8230; Yazm\u0131yor&#8230;<\/p>\n<p>Nerelerde? Ne yap\u0131yor?<\/p>\n<p>Baba Albayrak, &#8216;\u0130stanbul&#8217;da&#8217; dedi:<\/p>\n<p>NUN E\u011fitim ve K\u00fclt\u00fcr Vakf\u0131&#8217;yla u\u011fra\u015f\u0131yor.<\/p>\n<p>Yeni bir nesil yeti\u015ftiriyor&#8230; Gelece\u011fin T\u00fcrkiye&#8217;sinin insan kayna\u011f\u0131n\u0131&#8230; Y\u00f6neticilerini.<\/p>\n<p>Berat yolunu \u00e7izdi&#8230; Okuyor&#8230; Ara\u015ft\u0131r\u0131yor&#8230; \u00c7ocuklar\u0131yla ilgileniyor&#8230; Kaderin \u00e7izdi\u011fi yolda y\u00fcr\u00fcmek boynumuzun borcu.&#8221;<\/p>","protected":false},"excerpt":{"rendered":"<p>Sabah gazetesi yazar\u0131 Yavuz Donat, Sad\u0131k Albayrak&#8217;la Karadeniz&#8217;de g\u00f6r\u00fc\u015ft\u00fc. Donat, Albayrak&#8217;a T\u00fcrkiye&#8217;deki sistem tart\u0131\u015fmas\u0131n\u0131 ve eski bakan\u0131n nerede oldu\u011funu sordu. Donat&#8217;\u0131n yaz\u0131s\u0131ndan ilgili b\u00f6l\u00fcm \u015f\u00f6yle: &#8220;Berat Albayrak Eski Enerji ve Tabii Kaynaklar Bakan\u0131&#8230; Ortal\u0131kta g\u00f6r\u00fcnm\u00fcyor&#8230; Konu\u015fmuyor&#8230; Yazm\u0131yor&#8230; Nerelerde? Ne yap\u0131yor? Baba Albayrak, &#8216;\u0130stanbul&#8217;da&#8217; dedi: NUN E\u011fitim ve K\u00fclt\u00fcr Vakf\u0131&#8217;yla u\u011fra\u015f\u0131yor. Yeni bir nesil yeti\u015ftiriyor&#8230; Gelece\u011fin [&hellip;]<\/p>\n","protected":false},"author":3,"featured_media":277909,"comment_status":"closed","ping_status":"closed","sticky":false,"template":"","format":"standard","meta":{"footnotes":""},"categories":[2],"tags":[],"class_list":{"0":"post-275433","1":"post","2":"type-post","3":"status-publish","4":"format-standard","5":"has-post-thumbnail","7":"category-gundem"},"_links":{"self":[{"href":"https:\/\/halkweb.com.tr\/de\/wp-json\/wp\/v2\/posts\/275433","targetHints":{"allow":["GET"]}}],"collection":[{"href":"https:\/\/halkweb.com.tr\/de\/wp-json\/wp\/v2\/posts"}],"about":[{"href":"https:\/\/halkweb.com.tr\/de\/wp-json\/wp\/v2\/types\/post"}],"author":[{"embeddable":true,"href":"https:\/\/halkweb.com.tr\/de\/wp-json\/wp\/v2\/users\/3"}],"replies":[{"embeddable":true,"href":"https:\/\/halkweb.com.tr\/de\/wp-json\/wp\/v2\/comments?post=275433"}],"version-history":[{"count":0,"href":"https:\/\/halkweb.com.tr\/de\/wp-json\/wp\/v2\/posts\/275433\/revisions"}],"wp:featuredmedia":[{"embeddable":true,"href":"https:\/\/halkweb.com.tr\/de\/wp-json\/wp\/v2\/media\/277909"}],"wp:attachment":[{"href":"https:\/\/halkweb.com.tr\/de\/wp-json\/wp\/v2\/media?parent=275433"}],"wp:term":[{"taxonomy":"category","embeddable":true,"href":"https:\/\/halkweb.com.tr\/de\/wp-json\/wp\/v2\/categories?post=275433"},{"taxonomy":"post_tag","embeddable":true,"href":"https:\/\/halkweb.com.tr\/de\/wp-json\/wp\/v2\/tags?post=275433"}],"curies":[{"name":"wp","href":"https:\/\/api.w.org\/{rel}","templated":true}]}}