{"id":275419,"date":"2023-08-14T16:20:33","date_gmt":"2023-08-14T13:20:33","guid":{"rendered":"https:\/\/halkweb.com.tr\/?p=275419"},"modified":"2023-08-14T16:20:33","modified_gmt":"2023-08-14T13:20:33","slug":"kesk-kundigt-arbeitsniederlegung-an","status":"publish","type":"post","link":"https:\/\/halkweb.com.tr\/de\/kesk-kundigt-arbeitsniederlegung-an\/","title":{"rendered":"KESK k\u00fcndigt Arbeitsniederlegung an!"},"content":{"rendered":"<p>&nbsp;<\/p>\n<p>Der Gewerkschaftsbund des \u00f6ffentlichen Dienstes (KESK) teilte seine Erwartungen f\u00fcr die Tarifverhandlungen 2024-2025 mit der \u00d6ffentlichkeit.<\/p>\n<p>Aufgrund der vom t\u00fcrkischen Statistikamt (TurkStat) ver\u00f6ffentlichten Inflationsdaten k\u00fcndigten sie an, am 16. August eine m\u00f6gliche Arbeitsniederlegung zu organisieren.<\/p>\n<p>Die KESK bekr\u00e4ftigte ihre Forderung nach einer Verk\u00fcrzung der Wochenarbeitszeit von 40 auf 35 Stunden und forderte die Annahme des IAO-\u00dcbereinkommens Nr. 190 \u00fcber Gewalt und Bel\u00e4stigung.<\/p>\n<p>Er forderte au\u00dferdem, dass das niedrigste Beamtengehalt auf 45.000 TL angehoben und die zus\u00e4tzliche Zulage zu den Geh\u00e4ltern in den monatlichen Grundkoeffizienten einbezogen wird.<\/p>\n<p>In der Stellungnahme der KESK wurden folgende Aussagen gemacht<\/p>\n<p>&#8220;\u00c7al\u0131\u015fma Bakan\u0131, 2024-2025 toplu i\u015f s\u00f6zle\u015fmesi taleplerimize ili\u015fkin ilk \u00f6neriyi kamuoyuna duyurdu. Bu \u00f6neriye g\u00f6re, 2024&#8217;\u00fcn ilk alt\u0131 ay\u0131 i\u00e7in %14, ikinci alt\u0131 ay\u0131 i\u00e7in %9. 2025&#8217;in ilk yar\u0131s\u0131 %6, ikinci yar\u0131s\u0131 %5 olarak belirlenmi\u015ftir. Ancak bu \u00f6neri yetersizdir ve ya\u015fam ko\u015fullar\u0131m\u0131z\u0131 daha da zorla\u015ft\u0131rmak anlam\u0131na gelir. Bu teklifi reddediyoruz. T\u00fcm emek\u00e7ileri, 16 A\u011fustos&#8217;ta KESK&#8217;in d\u00fczenleyece\u011fi eyleme destek vermeye davet ediyoruz.&#8221;<\/p>","protected":false},"excerpt":{"rendered":"<p>KESK k\u00fcndigt Forderungen f\u00fcr die Tarifvertragsverhandlungen f\u00fcr 2024-2025 an und beschlie\u00dft Arbeitsniederlegung<\/p>","protected":false},"author":1,"featured_media":277909,"comment_status":"closed","ping_status":"closed","sticky":false,"template":"","format":"standard","meta":{"footnotes":""},"categories":[2],"tags":[],"class_list":{"0":"post-275419","1":"post","2":"type-post","3":"status-publish","4":"format-standard","5":"has-post-thumbnail","7":"category-gundem"},"_links":{"self":[{"href":"https:\/\/halkweb.com.tr\/de\/wp-json\/wp\/v2\/posts\/275419","targetHints":{"allow":["GET"]}}],"collection":[{"href":"https:\/\/halkweb.com.tr\/de\/wp-json\/wp\/v2\/posts"}],"about":[{"href":"https:\/\/halkweb.com.tr\/de\/wp-json\/wp\/v2\/types\/post"}],"author":[{"embeddable":true,"href":"https:\/\/halkweb.com.tr\/de\/wp-json\/wp\/v2\/users\/1"}],"replies":[{"embeddable":true,"href":"https:\/\/halkweb.com.tr\/de\/wp-json\/wp\/v2\/comments?post=275419"}],"version-history":[{"count":0,"href":"https:\/\/halkweb.com.tr\/de\/wp-json\/wp\/v2\/posts\/275419\/revisions"}],"wp:featuredmedia":[{"embeddable":true,"href":"https:\/\/halkweb.com.tr\/de\/wp-json\/wp\/v2\/media\/277909"}],"wp:attachment":[{"href":"https:\/\/halkweb.com.tr\/de\/wp-json\/wp\/v2\/media?parent=275419"}],"wp:term":[{"taxonomy":"category","embeddable":true,"href":"https:\/\/halkweb.com.tr\/de\/wp-json\/wp\/v2\/categories?post=275419"},{"taxonomy":"post_tag","embeddable":true,"href":"https:\/\/halkweb.com.tr\/de\/wp-json\/wp\/v2\/tags?post=275419"}],"curies":[{"name":"wp","href":"https:\/\/api.w.org\/{rel}","templated":true}]}}