{"id":275288,"date":"2023-08-06T22:24:09","date_gmt":"2023-08-06T19:24:09","guid":{"rendered":"https:\/\/halkweb.com.tr\/?p=275288"},"modified":"2023-08-06T22:24:09","modified_gmt":"2023-08-06T19:24:09","slug":"chpli-ali-gokcek-die-turkei-schafft-es-erneut-nicht-unter-die-ersten-100-lander-bei-der-internetgeschwindigkeit","status":"publish","type":"post","link":"https:\/\/halkweb.com.tr\/de\/chpli-ali-gokcek-die-turkei-schafft-es-erneut-nicht-unter-die-ersten-100-lander-bei-der-internetgeschwindigkeit\/","title":{"rendered":"Ali G\u00f6k\u00e7ek von der CHP: \u201cDie T\u00fcrkei hat es erneut nicht geschafft, in die Top-100-L\u00e4nder bei der Internetgeschwindigkeit aufzusteigen\u201d"},"content":{"rendered":"<p><b>T\u00fcrkiye\u2019nin internet h\u0131z\u0131nda ilk 100 \u00fclke aras\u0131na yine giremedi\u011fine dikkat \u00e7eken CHP\u2019li G\u00f6k\u00e7ek, \u201cT\u00fcrkiye di\u011fer geli\u015fmi\u015f \u00fclkelerle k\u0131yasland\u0131\u011f\u0131nda \u00f6zellikle sabit internet h\u0131z\u0131nda bir hayli geridedir. Uluslararas\u0131 \u00f6l\u00e7ekli Speedtest raporuna g\u00f6re, T\u00fcrkiye sabit internet h\u0131z\u0131nda 180 \u00fclke aras\u0131nda 110. s\u0131rada yer al\u0131yor. Sabit internet kullan\u0131c\u0131lar\u0131n\u0131n b\u00fcy\u00fck bir \u00e7o\u011funlu\u011fu d\u00fc\u015f\u00fck h\u0131zda internet kullan\u0131yor. \u00d6te yandan, AKP se\u00e7im beyannamesinde hat\u0131rlanaca\u011f\u0131 \u00fczere internet altyap\u0131s\u0131n\u0131n d\u00fcnya standartlar\u0131na uygun \u015fekilde y\u00fckseltilece\u011fini vaat etmi\u015fti. Biz de soruyoruz: 21 y\u0131lda yapmad\u0131\u011f\u0131n\u0131z hangi yat\u0131r\u0131mlar\u0131 \u00f6n\u00fcm\u00fczdeki g\u00fcnlerde hayata ge\u00e7irmeyi planl\u0131yorsunuz?\u201d dedi.<\/b><\/p>\n<p><span style=\"font-weight: 400;\">CHP\u2019li Ali G\u00f6k\u00e7ek, Ula\u015ft\u0131rma ve Altyap\u0131 Bakan\u0131 Abd\u00fclkadir Uralo\u011flu taraf\u0131ndan yan\u0131tlanmas\u0131 istemiyle soru \u00f6nergesi verdi. \u00d6nergede Bilgi Teknolojileri ve \u0130leti\u015fim Kurumu (BTK) taraf\u0131ndan yay\u0131nlanan T\u00fcrkiye Elektronik Haberle\u015fme Sekt\u00f6r\u00fc 3 Ayl\u0131k Raporu\u2019na at\u0131fta bulunan CHP\u2019li G\u00f6k\u00e7ek, \u201c2023 y\u0131l\u0131na ait ilk 3 ayl\u0131k verileri incelendi\u011finde, ilk \u00e7eyrekte sabit abone say\u0131s\u0131 yakla\u015f\u0131k 19 milyon olarak ger\u00e7ekle\u015fmi\u015f, xDSL abone say\u0131s\u0131 yakla\u015f\u0131k 11 milyon olurken, fiber abone say\u0131s\u0131 ise 6,1 milyonda kalm\u0131\u015ft\u0131r. 2023 y\u0131l\u0131 birinci \u00e7eyrek itibariyle ula\u015f\u0131lan fiber altyap\u0131 ise yaln\u0131zca 526 bin km olarak ger\u00e7ekle\u015fmi\u015ftir. Raporda dikkat \u00e7eken bir unsur da internet h\u0131zlar\u0131na ili\u015fkindir. Rapora g\u00f6re; T\u00fcrkiye\u2019deki sabit geni\u015fbant abonelerinin yakla\u015f\u0131k %23,5\u2019i 10-16 Mbps h\u0131zda internete ba\u011flan\u0131rken, %23,5\u2019i 16-24 Mbps aras\u0131 h\u0131zda, %20\u2019si ise 24-35 Mbps aras\u0131 h\u0131zda internete ba\u011flanabilmi\u015ftir\u201d ifadelerini kulland\u0131.<\/span><\/p>\n<p><b>\u201cFiberde \u00d6n\u00fcm\u00fczdeki 5 Y\u0131l Hedefi Nedir?\u201d<\/b><\/p>\n<p><span style=\"font-weight: 400;\">AKP\u2019nin 2023 Se\u00e7im Beyannamesinde \u201c500 bin km uzunlu\u011fa sahip fiber internet altyap\u0131m\u0131z\u0131 da s\u00fcratle yayg\u0131nla\u015ft\u0131rarak yak\u0131nda hedeflerimize uygun seviyeye getirece\u011fiz\u201d ifadelerinin yer ald\u0131\u011f\u0131n\u0131 hat\u0131rlatan CHP\u2019li G\u00f6k\u00e7ek \u201cFiber altyap\u0131 ve fiber geni\u015f bant abone yo\u011funlu\u011funa ili\u015fkin Bakanl\u0131\u011f\u0131n \u00f6n\u00fcm\u00fczdeki 5 y\u0131l i\u00e7in \u00f6ng\u00f6rd\u00fc\u011f\u00fc hedef nedir?\u201d diye sordu.<\/span><\/p>\n<p><b>Gen\u00e7lere 10 GB Vaadini Hat\u0131rlatt\u0131<\/b><\/p>\n<p><span style=\"font-weight: 400;\">\u00d6te yandan, \u00f6nergede AKP\u2019nin se\u00e7im beyannamesinde internet eri\u015fimine ili\u015fkin \u201c\u00fcniversiteli gen\u00e7lerimize ayl\u0131k 10 GB \u00fccretsiz internet eri\u015fim imk\u00e2n\u0131 sa\u011flayaca\u011f\u0131z\u201d ifadelerine dikkat \u00e7eken CHP\u2019li G\u00f6k\u00e7ek, \u201c\u00d6\u011frencilere y\u00f6nelik \u00fccretsiz internet hizmetinin sa\u011flanmas\u0131na y\u00f6nelik \u00e7al\u0131\u015fmalar ne a\u015famadad\u0131r?\u201d diye sordu.<\/span><\/p>","protected":false},"excerpt":{"rendered":"<p>CHP \u0130stanbul Milletvekili Ali G\u00f6k\u00e7ek Ula\u015ft\u0131rma ve Altyap\u0131 Bakan\u0131 Abd\u00fclkadir Uralo\u011flu taraf\u0131ndan yan\u0131tlanmas\u0131 istemiyle verdi\u011fi soru \u00f6nergesinde T\u00fcrkiye\u2019nin internet h\u0131z\u0131na dikkat \u00e7ekti.<\/p>","protected":false},"author":1,"featured_media":277909,"comment_status":"closed","ping_status":"closed","sticky":false,"template":"","format":"standard","meta":{"footnotes":""},"categories":[2],"tags":[],"class_list":{"0":"post-275288","1":"post","2":"type-post","3":"status-publish","4":"format-standard","5":"has-post-thumbnail","7":"category-gundem"},"_links":{"self":[{"href":"https:\/\/halkweb.com.tr\/de\/wp-json\/wp\/v2\/posts\/275288","targetHints":{"allow":["GET"]}}],"collection":[{"href":"https:\/\/halkweb.com.tr\/de\/wp-json\/wp\/v2\/posts"}],"about":[{"href":"https:\/\/halkweb.com.tr\/de\/wp-json\/wp\/v2\/types\/post"}],"author":[{"embeddable":true,"href":"https:\/\/halkweb.com.tr\/de\/wp-json\/wp\/v2\/users\/1"}],"replies":[{"embeddable":true,"href":"https:\/\/halkweb.com.tr\/de\/wp-json\/wp\/v2\/comments?post=275288"}],"version-history":[{"count":0,"href":"https:\/\/halkweb.com.tr\/de\/wp-json\/wp\/v2\/posts\/275288\/revisions"}],"wp:featuredmedia":[{"embeddable":true,"href":"https:\/\/halkweb.com.tr\/de\/wp-json\/wp\/v2\/media\/277909"}],"wp:attachment":[{"href":"https:\/\/halkweb.com.tr\/de\/wp-json\/wp\/v2\/media?parent=275288"}],"wp:term":[{"taxonomy":"category","embeddable":true,"href":"https:\/\/halkweb.com.tr\/de\/wp-json\/wp\/v2\/categories?post=275288"},{"taxonomy":"post_tag","embeddable":true,"href":"https:\/\/halkweb.com.tr\/de\/wp-json\/wp\/v2\/tags?post=275288"}],"curies":[{"name":"wp","href":"https:\/\/api.w.org\/{rel}","templated":true}]}}