{"id":275037,"date":"2023-02-19T17:50:28","date_gmt":"2023-02-19T14:50:28","guid":{"rendered":"https:\/\/halkweb.com.tr\/?p=275037"},"modified":"2023-02-19T17:50:28","modified_gmt":"2023-02-19T14:50:28","slug":"wann-fallt-der-zement","status":"publish","type":"post","link":"https:\/\/halkweb.com.tr\/de\/wann-fallt-der-zement\/","title":{"rendered":"Wann f\u00e4llt Cemre?"},"content":{"rendered":"<p>\u201cIn der t\u00fcrkischen Kultur bedeutet \u201dCemre\u201c die Erw\u00e4rmung des Wetters und die Wiederbelebung der Natur. Er f\u00e4llt jedes Jahr dreimal zwischen Februar und M\u00e4rz. Der erste Cemre f\u00e4llt zwischen dem 19. und 20. Februar in die Luft und wird \u201dWasser-Cemre\u201c genannt. Der zweite Cemre f\u00e4llt am 26. und 27. Februar als \u201dLuft-Cemre\u201c. Zwischen dem 5. und 6. M\u00e4rz schlie\u00dflich f\u00e4llt die \u201dErdsichel\" in die Luft.<\/p>\n<p>Traditionell wird der Fr\u00fchling mit dem Fall des Dzhamr eingel\u00e4utet, und die Menschen verbringen in dieser Zeit mehr Zeit in der Natur, bereiten den Boden vor und bereiten sich auf die Ankunft des Fr\u00fchlings vor. Der Fall der D\u00e4mme gilt auch als Wendepunkt f\u00fcr die landwirtschaftlichen Aktivit\u00e4ten.<\/p>\n<p>Der Cemre ist in der t\u00fcrkischen Kultur nicht nur als jahreszeitlicher Wendepunkt von Bedeutung, sondern auch als kulturelles Symbol. Der Fall des Cemre l\u00f6st bei den Menschen Gef\u00fchle der Hoffnung und Erneuerung aus, die mit dem Einzug des Fr\u00fchlings und der Wiederbelebung der Natur einhergehen.<\/p>\n<p>Die Antwort auf die Frage, wann \u201cCemre\u201d f\u00e4llt, richtet sich daher nach dem Kalender der Cemres, die jedes Jahr zwischen Februar und M\u00e4rz dreimal in die Luft fallen. In dieser Zeit wecken die Menschen mit dem Wiedererwachen der Natur und dem Einl\u00e4uten des Fr\u00fchlings Gef\u00fchle der Hoffnung und der Erneuerung.<\/p>","protected":false},"excerpt":{"rendered":"<p>Geleneksel T\u00fcrk k\u00fclt\u00fcr\u00fcnde bahar\u0131n m\u00fcjdecisi olarak kabul edilen &#8220;Cemre&#8221;, \u00fc\u00e7 kez d\u00fc\u015fer ve bahar\u0131n geli\u015finin habercisi olarak g\u00f6r\u00fcl\u00fcr. Peki, &#8220;Cemre&#8221; ne zaman d\u00fc\u015fer?<\/p>","protected":false},"author":1,"featured_media":277909,"comment_status":"closed","ping_status":"closed","sticky":false,"template":"","format":"standard","meta":{"footnotes":""},"categories":[7],"tags":[],"class_list":{"0":"post-275037","1":"post","2":"type-post","3":"status-publish","4":"format-standard","5":"has-post-thumbnail","7":"category-yasam"},"_links":{"self":[{"href":"https:\/\/halkweb.com.tr\/de\/wp-json\/wp\/v2\/posts\/275037","targetHints":{"allow":["GET"]}}],"collection":[{"href":"https:\/\/halkweb.com.tr\/de\/wp-json\/wp\/v2\/posts"}],"about":[{"href":"https:\/\/halkweb.com.tr\/de\/wp-json\/wp\/v2\/types\/post"}],"author":[{"embeddable":true,"href":"https:\/\/halkweb.com.tr\/de\/wp-json\/wp\/v2\/users\/1"}],"replies":[{"embeddable":true,"href":"https:\/\/halkweb.com.tr\/de\/wp-json\/wp\/v2\/comments?post=275037"}],"version-history":[{"count":0,"href":"https:\/\/halkweb.com.tr\/de\/wp-json\/wp\/v2\/posts\/275037\/revisions"}],"wp:featuredmedia":[{"embeddable":true,"href":"https:\/\/halkweb.com.tr\/de\/wp-json\/wp\/v2\/media\/277909"}],"wp:attachment":[{"href":"https:\/\/halkweb.com.tr\/de\/wp-json\/wp\/v2\/media?parent=275037"}],"wp:term":[{"taxonomy":"category","embeddable":true,"href":"https:\/\/halkweb.com.tr\/de\/wp-json\/wp\/v2\/categories?post=275037"},{"taxonomy":"post_tag","embeddable":true,"href":"https:\/\/halkweb.com.tr\/de\/wp-json\/wp\/v2\/tags?post=275037"}],"curies":[{"name":"wp","href":"https:\/\/api.w.org\/{rel}","templated":true}]}}